{"id":2286,"date":"2014-11-23T09:50:00","date_gmt":"2014-11-23T08:50:00","guid":{"rendered":"https:\/\/www.slavonski-planinari.hr\/arhiva\/?p=2286"},"modified":"2023-01-05T09:51:52","modified_gmt":"2023-01-05T08:51:52","slug":"posljednji-pozdrav-zlatku-brkicu","status":"publish","type":"post","link":"https:\/\/www.slavonski-planinari.hr\/arhiva\/posljednji-pozdrav-zlatku-brkicu\/","title":{"rendered":"Posljednji pozdrav Zlatku Brki\u0107u"},"content":{"rendered":"<p>[et_pb_section fb_built=&#8221;1&#8243; theme_builder_area=&#8221;post_content&#8221; _builder_version=&#8221;4.19.4&#8243; _module_preset=&#8221;default&#8221;][et_pb_row _builder_version=&#8221;4.19.4&#8243; _module_preset=&#8221;default&#8221; theme_builder_area=&#8221;post_content&#8221;][et_pb_column _builder_version=&#8221;4.19.4&#8243; _module_preset=&#8221;default&#8221; type=&#8221;4_4&#8243; theme_builder_area=&#8221;post_content&#8221;][et_pb_text _builder_version=&#8221;4.19.4&#8243; _module_preset=&#8221;default&#8221; theme_builder_area=&#8221;post_content&#8221; hover_enabled=&#8221;0&#8243; sticky_enabled=&#8221;0&#8243;]<\/p>\n<div class=\"itemIntroText\">\n<p style=\"text-align: justify;\"><span>Dragi prijatelji, u petak nas je zauvijek napustio Zlatko Brki\u0107, osniva\u010d i predsjednik HPD &#8220;Sokol&#8221; Feri\u010danci, organizator popularnog jesenskog okupljanja planinara &#8220;Kroz vinograde i \u0161ume&#8221;, jedan od inicijatora obilje\u017eavanja dana Krndije, dugogodi\u0161nji aktivist Slavonskog planinarskog saveza i \u010dlan Nadzornog odbora.<\/span><\/p>\n<\/div>\n<div class=\"itemFullText\">\n<p style=\"text-align: justify;\"><span>Posljednji ispra\u0107aj na\u0161eg dragog prijatelja bio je u nedjelju, 23.studenog 2104 godine. u 15 sati na mjesnom groblju u Feri\u010dancima.<\/span><\/p>\n<p style=\"text-align: justify;\"><img loading=\"lazy\" decoding=\"async\" src=\"https:\/\/www.slavonski-planinari.hr\/arhiva\/wp-content\/uploads\/2023\/01\/brkic.jpg\" width=\"509\" height=\"342\" alt=\"\" class=\"wp-image-2288 aligncenter size-full\" srcset=\"https:\/\/www.slavonski-planinari.hr\/arhiva\/wp-content\/uploads\/2023\/01\/brkic.jpg 509w, https:\/\/www.slavonski-planinari.hr\/arhiva\/wp-content\/uploads\/2023\/01\/brkic-480x323.jpg 480w\" sizes=\"(min-width: 0px) and (max-width: 480px) 480px, (min-width: 481px) 509px, 100vw\" \/><\/p>\n<p style=\"text-align: justify;\">Hvala mu i slava.<\/p>\n<p style=\"text-align: justify;\">Po\u010divao u miru.<\/p>\n<\/div>\n<p>[\/et_pb_text][\/et_pb_column][\/et_pb_row][\/et_pb_section]<\/p>\n","protected":false},"excerpt":{"rendered":"<p>Dragi prijatelji, u petak nas je zauvijek napustio Zlatko Brki\u0107, osniva\u010d i predsjednik HPD &#8220;Sokol&#8221; Feri\u010danci, organizator popularnog jesenskog okupljanja planinara &#8220;Kroz vinograde i \u0161ume&#8221;, jedan od inicijatora obilje\u017eavanja dana Krndije, dugogodi\u0161nji aktivist Slavonskog planinarskog saveza i \u010dlan Nadzornog odbora. Posljednji ispra\u0107aj na\u0161eg dragog prijatelja bio je u nedjelju, 23.studenog 2104 godine. u 15 sati [&hellip;]<\/p>\n","protected":false},"author":1,"featured_media":0,"comment_status":"closed","ping_status":"open","sticky":false,"template":"","format":"standard","meta":{"_et_pb_use_builder":"on","_et_pb_old_content":"","_et_gb_content_width":"1080","footnotes":""},"categories":[28],"tags":[],"class_list":["post-2286","post","type-post","status-publish","format-standard","hentry","category-28"],"_links":{"self":[{"href":"https:\/\/www.slavonski-planinari.hr\/arhiva\/wp-json\/wp\/v2\/posts\/2286","targetHints":{"allow":["GET"]}}],"collection":[{"href":"https:\/\/www.slavonski-planinari.hr\/arhiva\/wp-json\/wp\/v2\/posts"}],"about":[{"href":"https:\/\/www.slavonski-planinari.hr\/arhiva\/wp-json\/wp\/v2\/types\/post"}],"author":[{"embeddable":true,"href":"https:\/\/www.slavonski-planinari.hr\/arhiva\/wp-json\/wp\/v2\/users\/1"}],"replies":[{"embeddable":true,"href":"https:\/\/www.slavonski-planinari.hr\/arhiva\/wp-json\/wp\/v2\/comments?post=2286"}],"version-history":[{"count":0,"href":"https:\/\/www.slavonski-planinari.hr\/arhiva\/wp-json\/wp\/v2\/posts\/2286\/revisions"}],"wp:attachment":[{"href":"https:\/\/www.slavonski-planinari.hr\/arhiva\/wp-json\/wp\/v2\/media?parent=2286"}],"wp:term":[{"taxonomy":"category","embeddable":true,"href":"https:\/\/www.slavonski-planinari.hr\/arhiva\/wp-json\/wp\/v2\/categories?post=2286"},{"taxonomy":"post_tag","embeddable":true,"href":"https:\/\/www.slavonski-planinari.hr\/arhiva\/wp-json\/wp\/v2\/tags?post=2286"}],"curies":[{"name":"wp","href":"https:\/\/api.w.org\/{rel}","templated":true}]}}