{"id":2275,"date":"2014-11-23T09:45:00","date_gmt":"2014-11-23T08:45:00","guid":{"rendered":"https:\/\/www.slavonski-planinari.hr\/arhiva\/?p=2275"},"modified":"2023-01-05T09:49:33","modified_gmt":"2023-01-05T08:49:33","slug":"prosla-je-18-jesen-na-dilju-pohod-prezdanak-cardak","status":"publish","type":"post","link":"https:\/\/www.slavonski-planinari.hr\/arhiva\/prosla-je-18-jesen-na-dilju-pohod-prezdanak-cardak\/","title":{"rendered":"Pro\u0161la je 18. \u201eJesen na Dilju, pohod Prezdanak-\u010cardak\u201c"},"content":{"rendered":"<p>[et_pb_section fb_built=&#8221;1&#8243; theme_builder_area=&#8221;post_content&#8221; _builder_version=&#8221;4.19.4&#8243; _module_preset=&#8221;default&#8221;][et_pb_row _builder_version=&#8221;4.19.4&#8243; _module_preset=&#8221;default&#8221; theme_builder_area=&#8221;post_content&#8221;][et_pb_column _builder_version=&#8221;4.19.4&#8243; _module_preset=&#8221;default&#8221; type=&#8221;4_4&#8243; theme_builder_area=&#8221;post_content&#8221;][et_pb_text _builder_version=&#8221;4.19.4&#8243; _module_preset=&#8221;default&#8221; theme_builder_area=&#8221;post_content&#8221; hover_enabled=&#8221;0&#8243; sticky_enabled=&#8221;0&#8243;]<\/p>\n<div class=\"itemIntroText\">\n<p style=\"text-align: justify;\"><span>Pro\u0161la je 18. \u201eJesen na Dilju, pohod Prezdanak-\u010cardak\u201c, tradicionalna planinarska manifestacija koju svake godine tre\u0107e nedjelje u studenom organizira HPD \u201eTikvica\u201c iz \u017dupanje. Skupu je prisustvovalo 17 udruga i 144 osobe.<\/span><\/p>\n<p style=\"text-align: justify;\">\n<p style=\"text-align: justify;\">Na\u0161i gosti bili su iz Zagreba, Osijeka (4 dru\u0161tva), Slavonskog Broda, Vinkovaca, \u0110akova, Na\u0161ica, Beli\u0161\u0107a, Kutjeva, Velike, \u0110ur\u0111enovca, Vrhovina, te Ora\u0161ja i O\u0111aka iz BiH.<\/p>\n<\/div>\n<div class=\"itemFullText\">\n<p style=\"text-align: justify;\"><span>\u00a0<\/span><\/p>\n<p style=\"text-align: justify;\"><span>Najbrojniji su ovaj puta bili doma\u0107ini iz \u017dupanje, sa 30 \u010dlanova i svi su zaslu\u017eni za dobru organizaciji skupa. Ipak, treba pohvaliti tajnika dru\u0161tva Marka Miki\u0107a i njegovu Anicu, jer su uspjeli okupiti odli\u010dnu ekipu logisti\u010dara i zadovoljiti sve apetite prisutnih planinara.<\/span><\/p>\n<p style=\"text-align: justify;\">\n<p style=\"text-align: justify;\">Vodi\u010di su bili: Vlado, Mladen, Ema, Dragica, \u0160kljoc i Bero, dok su gostima kao i uvijek poslije ru\u010dka zasvirali \u0160imo i Joso. Blagajnica Biserka je bila zadu\u017eena za \u017eigove i dnevnike pohoda.<\/p>\n<p style=\"text-align: justify;\">\n<p style=\"text-align: justify;\">Pohod se odvijao prema najavljenom programu i dogovoru, pa smo turu od tri sata hoda uspje\u0161no i na vrijeme savladali. Pri dolasku na vrh \u010cardaka padala je kratko sitna ki\u0161ica, no po povratku na Prezdanak, kroz tanke oblake zasjalo je i sunce, koje nas je oko 16:30 ispratilo zadnjim ve\u010dernjim zrakama.<\/p>\n<p style=\"text-align: justify;\">Pohod je odr\u017ean u nedjelju, 16.11.2014. godine.<\/p>\n<p style=\"text-align: justify;\">\n<p style=\"text-align: right;\">Berislav Tkalac \u00a0\u00a0<\/p>\n<\/div>\n<p>[\/et_pb_text][\/et_pb_column][\/et_pb_row][et_pb_row _builder_version=&#8221;4.19.4&#8243; _module_preset=&#8221;default&#8221; theme_builder_area=&#8221;post_content&#8221;][et_pb_column _builder_version=&#8221;4.19.4&#8243; _module_preset=&#8221;default&#8221; type=&#8221;4_4&#8243; theme_builder_area=&#8221;post_content&#8221;][et_pb_gallery _builder_version=&#8221;4.19.4&#8243; _module_preset=&#8221;default&#8221; theme_builder_area=&#8221;post_content&#8221; gallery_ids=&#8221;2277,2278,2279,2280,2281,2282,2283,2284&#8243; posts_number=&#8221;8&#8243; show_title_and_caption=&#8221;off&#8221; hover_enabled=&#8221;0&#8243; sticky_enabled=&#8221;0&#8243;][\/et_pb_gallery][\/et_pb_column][\/et_pb_row][\/et_pb_section]<\/p>\n","protected":false},"excerpt":{"rendered":"<p>Pro\u0161la je 18. \u201eJesen na Dilju, pohod Prezdanak-\u010cardak\u201c, tradicionalna planinarska manifestacija koju svake godine tre\u0107e nedjelje u studenom organizira HPD \u201eTikvica\u201c iz \u017dupanje. Skupu je prisustvovalo 17 udruga i 144 osobe. Na\u0161i gosti bili su iz Zagreba, Osijeka (4 dru\u0161tva), Slavonskog Broda, Vinkovaca, \u0110akova, Na\u0161ica, Beli\u0161\u0107a, Kutjeva, Velike, \u0110ur\u0111enovca, Vrhovina, te Ora\u0161ja i O\u0111aka iz [&hellip;]<\/p>\n","protected":false},"author":1,"featured_media":0,"comment_status":"closed","ping_status":"open","sticky":false,"template":"","format":"standard","meta":{"_et_pb_use_builder":"on","_et_pb_old_content":"","_et_gb_content_width":"1080","footnotes":""},"categories":[28],"tags":[],"class_list":["post-2275","post","type-post","status-publish","format-standard","hentry","category-28"],"_links":{"self":[{"href":"https:\/\/www.slavonski-planinari.hr\/arhiva\/wp-json\/wp\/v2\/posts\/2275","targetHints":{"allow":["GET"]}}],"collection":[{"href":"https:\/\/www.slavonski-planinari.hr\/arhiva\/wp-json\/wp\/v2\/posts"}],"about":[{"href":"https:\/\/www.slavonski-planinari.hr\/arhiva\/wp-json\/wp\/v2\/types\/post"}],"author":[{"embeddable":true,"href":"https:\/\/www.slavonski-planinari.hr\/arhiva\/wp-json\/wp\/v2\/users\/1"}],"replies":[{"embeddable":true,"href":"https:\/\/www.slavonski-planinari.hr\/arhiva\/wp-json\/wp\/v2\/comments?post=2275"}],"version-history":[{"count":0,"href":"https:\/\/www.slavonski-planinari.hr\/arhiva\/wp-json\/wp\/v2\/posts\/2275\/revisions"}],"wp:attachment":[{"href":"https:\/\/www.slavonski-planinari.hr\/arhiva\/wp-json\/wp\/v2\/media?parent=2275"}],"wp:term":[{"taxonomy":"category","embeddable":true,"href":"https:\/\/www.slavonski-planinari.hr\/arhiva\/wp-json\/wp\/v2\/categories?post=2275"},{"taxonomy":"post_tag","embeddable":true,"href":"https:\/\/www.slavonski-planinari.hr\/arhiva\/wp-json\/wp\/v2\/tags?post=2275"}],"curies":[{"name":"wp","href":"https:\/\/api.w.org\/{rel}","templated":true}]}}