{"id":2268,"date":"2014-11-12T14:58:00","date_gmt":"2014-11-12T13:58:00","guid":{"rendered":"https:\/\/www.slavonski-planinari.hr\/arhiva\/?p=2268"},"modified":"2023-01-04T15:00:09","modified_gmt":"2023-01-04T14:00:09","slug":"17-tradicionalni-planinarski-izlet-uz-kutjevacko-martinje-2014","status":"publish","type":"post","link":"https:\/\/www.slavonski-planinari.hr\/arhiva\/17-tradicionalni-planinarski-izlet-uz-kutjevacko-martinje-2014\/","title":{"rendered":"17. TRADICIONALNI PLANINARSKI IZLET UZ KUTJEVA\u010cKO MARTINJE 2014."},"content":{"rendered":"<p>[et_pb_section fb_built=&#8221;1&#8243; theme_builder_area=&#8221;post_content&#8221; _builder_version=&#8221;4.19.4&#8243; _module_preset=&#8221;default&#8221;][et_pb_row _builder_version=&#8221;4.19.4&#8243; _module_preset=&#8221;default&#8221; theme_builder_area=&#8221;post_content&#8221;][et_pb_column _builder_version=&#8221;4.19.4&#8243; _module_preset=&#8221;default&#8221; type=&#8221;4_4&#8243; theme_builder_area=&#8221;post_content&#8221;][et_pb_text _builder_version=&#8221;4.19.4&#8243; _module_preset=&#8221;default&#8221; theme_builder_area=&#8221;post_content&#8221; hover_enabled=&#8221;0&#8243; sticky_enabled=&#8221;0&#8243;]<\/p>\n<div class=\"itemIntroText\">\n<p style=\"text-align: justify;\">Ovogodi\u0161nje Kutjeva\u010dko Martinje odr\u017ealno je 8. i 9. studenoga. Ovu manifestaciju za \u0161iroku javnost organiziraju Grad Kutjevo, Turisti\u010dka zajednica grada Kutjeva, Udruga Kutjeva\u010dki vinari i HPD Vidim Kutjevo. Bez planinara koji se tom prigodom okupe drugog dana (nedjelja) te\u0161ko da bi\u00a0 Kutjeva\u010dko Martinje opravdalo svoje postojanje.<\/p>\n<\/div>\n<div class=\"itemFullText\">\n<p style=\"text-align: justify;\">Ve\u0107 du\u017ei niz godina to je najve\u0107a planinarska manifestacija u Slavoniji a me\u0111u malobrojnim u Hrvatskoj koja okuplja 1500-2000 planinara.<br \/>Tako je bilo i ove godine. Do\u0161li su planinari iz 71 dru\u0161tva od \u010dega 13 iz BiH i 19 iz Srbije.<\/p>\n<p style=\"text-align: justify;\">Okupljanje je zapo\u010delo ne\u0161to prije 9 sati na Trgu Gra\u0161evine uz prigodan glazbeni do\u010dek Puha\u010dkog orkestra Kutjevo i tradicionalnu okrijepu na \u0161tandu organizatora. Poslije pozdravnih rije\u010di dogradona\u010delnika, predsjednika HPD Vidim i predstavnika HPS, krenulo se na hodanje \u2013 3 ponu\u0111ene staze po izboru, 2:50 do 4:30 sati hoda obroncima Krndije. Dvije staze su imale zajedni\u010dko odmori\u0161te kod planinarskog skloni\u0161ta Mlaka a tre\u0107a je i\u0161la preko Vinkomira , jugoisto\u010dnim grebenom Krndije i Dobre vode pa do ribnjaka\u00a0 i nazad do Kutejeva.<\/p>\n<p style=\"text-align: justify;\">Vrijeme je bilo idealno, na mahove previ\u0161e toplo. Poslije hodanja je dobro prijala raznovrsna ugostiteljska ponuda jela i pi\u0107a, napose mlade gra\u0161evine koju se moglo ku\u0161ati prije i poslije &#8220;kr\u0161tenja mo\u0161ta&#8221;. Uslijedio je kulturno-zabavni program i &#8220;kr\u0161tenje mo\u0161ta&#8221; a moglo se pogledati i stalnu Muzejsku zbirku Slavonskog planinarstva (pored ku\u0161aonice vina PK Kutjevo) otvorenu na prije dvije godine.<\/p>\n<p style=\"text-align: justify;\">\n<p style=\"text-align: right;\">Otmar Tosenberger<\/p>\n<\/div>\n<p>[\/et_pb_text][\/et_pb_column][\/et_pb_row][et_pb_row _builder_version=&#8221;4.19.4&#8243; _module_preset=&#8221;default&#8221; theme_builder_area=&#8221;post_content&#8221;][et_pb_column _builder_version=&#8221;4.19.4&#8243; _module_preset=&#8221;default&#8221; type=&#8221;4_4&#8243; theme_builder_area=&#8221;post_content&#8221;][et_pb_gallery _builder_version=&#8221;4.19.4&#8243; _module_preset=&#8221;default&#8221; theme_builder_area=&#8221;post_content&#8221; gallery_ids=&#8221;2270,2271,2272&#8243; show_title_and_caption=&#8221;off&#8221; hover_enabled=&#8221;0&#8243; sticky_enabled=&#8221;0&#8243;][\/et_pb_gallery][\/et_pb_column][\/et_pb_row][\/et_pb_section]<\/p>\n","protected":false},"excerpt":{"rendered":"<p>Ovogodi\u0161nje Kutjeva\u010dko Martinje odr\u017ealno je 8. i 9. studenoga. Ovu manifestaciju za \u0161iroku javnost organiziraju Grad Kutjevo, Turisti\u010dka zajednica grada Kutjeva, Udruga Kutjeva\u010dki vinari i HPD Vidim Kutjevo. Bez planinara koji se tom prigodom okupe drugog dana (nedjelja) te\u0161ko da bi\u00a0 Kutjeva\u010dko Martinje opravdalo svoje postojanje. Ve\u0107 du\u017ei niz godina to je najve\u0107a planinarska manifestacija [&hellip;]<\/p>\n","protected":false},"author":1,"featured_media":0,"comment_status":"closed","ping_status":"open","sticky":false,"template":"","format":"standard","meta":{"_et_pb_use_builder":"on","_et_pb_old_content":"","_et_gb_content_width":"1080","footnotes":""},"categories":[28],"tags":[],"class_list":["post-2268","post","type-post","status-publish","format-standard","hentry","category-28"],"_links":{"self":[{"href":"https:\/\/www.slavonski-planinari.hr\/arhiva\/wp-json\/wp\/v2\/posts\/2268","targetHints":{"allow":["GET"]}}],"collection":[{"href":"https:\/\/www.slavonski-planinari.hr\/arhiva\/wp-json\/wp\/v2\/posts"}],"about":[{"href":"https:\/\/www.slavonski-planinari.hr\/arhiva\/wp-json\/wp\/v2\/types\/post"}],"author":[{"embeddable":true,"href":"https:\/\/www.slavonski-planinari.hr\/arhiva\/wp-json\/wp\/v2\/users\/1"}],"replies":[{"embeddable":true,"href":"https:\/\/www.slavonski-planinari.hr\/arhiva\/wp-json\/wp\/v2\/comments?post=2268"}],"version-history":[{"count":0,"href":"https:\/\/www.slavonski-planinari.hr\/arhiva\/wp-json\/wp\/v2\/posts\/2268\/revisions"}],"wp:attachment":[{"href":"https:\/\/www.slavonski-planinari.hr\/arhiva\/wp-json\/wp\/v2\/media?parent=2268"}],"wp:term":[{"taxonomy":"category","embeddable":true,"href":"https:\/\/www.slavonski-planinari.hr\/arhiva\/wp-json\/wp\/v2\/categories?post=2268"},{"taxonomy":"post_tag","embeddable":true,"href":"https:\/\/www.slavonski-planinari.hr\/arhiva\/wp-json\/wp\/v2\/tags?post=2268"}],"curies":[{"name":"wp","href":"https:\/\/api.w.org\/{rel}","templated":true}]}}