{"id":2263,"date":"2014-11-12T14:53:00","date_gmt":"2014-11-12T13:53:00","guid":{"rendered":"https:\/\/www.slavonski-planinari.hr\/arhiva\/?p=2263"},"modified":"2023-01-04T14:57:22","modified_gmt":"2023-01-04T13:57:22","slug":"obiljezeno-90-godina-organiziranog-planinarstva-u-slavonskom-brodu","status":"publish","type":"post","link":"https:\/\/www.slavonski-planinari.hr\/arhiva\/obiljezeno-90-godina-organiziranog-planinarstva-u-slavonskom-brodu\/","title":{"rendered":"Obilje\u017eeno 90 godina organiziranog planinarstva u Slavonskom Brodu"},"content":{"rendered":"<p>[et_pb_section fb_built=&#8221;1&#8243; theme_builder_area=&#8221;post_content&#8221; _builder_version=&#8221;4.19.4&#8243; _module_preset=&#8221;default&#8221;][et_pb_row _builder_version=&#8221;4.19.4&#8243; _module_preset=&#8221;default&#8221; theme_builder_area=&#8221;post_content&#8221;][et_pb_column _builder_version=&#8221;4.19.4&#8243; _module_preset=&#8221;default&#8221; type=&#8221;4_4&#8243; theme_builder_area=&#8221;post_content&#8221;][et_pb_text _builder_version=&#8221;4.19.4&#8243; _module_preset=&#8221;default&#8221; theme_builder_area=&#8221;post_content&#8221; hover_enabled=&#8221;0&#8243; sticky_enabled=&#8221;0&#8243;]<\/p>\n<div class=\"itemIntroText\">\n<p style=\"text-align: justify;\"><a href=\"https:\/\/www.slavonski-planinari.hr\/arhiva\/wp-content\/uploads\/2023\/01\/Predsjednica-prima-Posebno-priznanje-IO-HPS-1.jpg\"><img loading=\"lazy\" decoding=\"async\" src=\"https:\/\/www.slavonski-planinari.hr\/arhiva\/wp-content\/uploads\/2023\/01\/Predsjednica-prima-Posebno-priznanje-IO-HPS-1.jpg\" width=\"135\" height=\"89\" alt=\"\" class=\"wp-image-2266 alignleft size-full\" \/><\/a>Sve\u010danom akademijom u Glazbenoj \u0161koli, Brodsko planinarsko dru\u0161tvo Dilj-gora obilje\u017eilo je 8.studenoga 2014.,\u00a0 90 godina postojanja. U nazo\u010dnosti \u017eupana Danijela Maru\u0161i\u0107a, dogradona\u010delnika Hrvoja Andri\u0107a, predsjednika Gradskog vije\u0107a Darka Grubera te planinara iz \u017dupanje, Lipika, Feri\u010danaca, Po\u017eege, Osijeka, \u0110akova, Rijeke, Vara\u017edina i Ka\u0161tela, kao i iz Ora\u0161ja i Od\u017eaka (BiH) proslavili su svoj veliki jubilej.<\/p>\n<\/div>\n<div class=\"itemFullText\">\n<p style=\"text-align: justify;\">Podsjetili su na zaslu\u017ene Bro\u0111ane koji su u ovom dijelu ravne Slavonije, gdje nema ni jedne \u201cprave planine\u201d ni vrha vi\u0161eg od 411 metara, davne 1924. godine odlu\u010dili osnovati planinarsku organizaciju, i bili su me\u0111u prvima u Hrvatskoj.<\/p>\n<p style=\"text-align: justify;\">Za\u010detnik planinarstva je poznati brodski ljekarnik Eugen \u0160repel s nekolicinom prijatelja, koji je tada i izabran na \u010delo organizacije. Broj planinara brzo je rastao, a 1935. godine izgra\u0111en je i prvi planinarski objekt Torbarovo skloni\u0161te, na Lipovici. Populariziraju\u0107i novi oblik dru\u017eenja i aktivnosti, planinari su imali i knji\u017enicu, izlo\u017ebe fotografija, pou\u010dna predavanja&#8230; Ideju da Pljuskara postane svojevrsni turisti\u010dki centar, sa skloni\u0161tem, bazenom i raznim sadr\u017eajima, nisu uspjeli ostvariti, a gotovo pola stolje\u0107a poslije (1984.) na Pljuskari su postavljeni temelji za brvnaru, a tek 2000. godine, nesebi\u010dnim radom brodskih planinara, niknula je planinarska ku\u0107ica s terasom &#8211; naj\u010de\u0161\u0107a destinacija planinara, gljivara, dobronamjernika i zaljubljenika u netaknutu prirodu.<\/p>\n<p style=\"text-align: justify;\">Godine 1951. godine na kori\u0161tenje planinarima dana je ku\u0107a sa zemlji\u0161tem i hrastovom \u0161umicom, planinarski dom, koji je dobio ime po jednom od osniva\u010da planinarstva u Hrvatskoj, \u0110uri Pilaru. Danas je u vlasni\u0161tvu Grada, a prepu\u0161ten na upravljanje planinarima, koji ga uz pomo\u0107 sponzora odr\u017eavaju.<br \/>Danas najstariji me\u0111u brodskim planinarima, Mi\u0161ko \u0160o\u0161, s vi\u0161e od osam desetlje\u0107a i osvojenim nebrojenim vrhovima, ka\u017ee kako \u201cpostojana priroda podsje\u0107a \u010dovjeka na njegovu brzu prolaznost i ba\u0161 zbog toga trebamo \u0161to vi\u0161e vremena provoditi s njom u su\u017eivotu, pogotovo mladi ljudi koji \u0107e putuju\u0107i u potrazi za ljepotama prirode ne samo bolje upoznati zemlju nego sigurno postati i bolji ljudi\u201d.<\/p>\n<p style=\"text-align: justify;\">Sve\u010dani program pjesmom su upotpunile \u010dlanice vokalnog ansambla Ad Astra, a zavr\u0161etak sve\u010danosti pripao je planinarskom bendu i fe\u0161ti do jutarnjih sati uz poznatu planinarsku gostoljubivost u tvr\u0111avskom kazamatu.<span>\u00a0<\/span><strong>Priznanja najzaslu\u017enijim planinarima<\/strong><span>\u00a0<\/span>Najzaslu\u017enijim planinarima dodijeljena su priznanja, a uru\u010dili su ih Otmar Tosenberger, \u010dlan IO HPS-a, i Vladimir Pavi\u010di\u0107, dopredsjednik SPS-a.<br \/>Najve\u0107e priznanje \u2013 Plaketu HPS-a, dobili su Zdenka \u0160o\u0161, Karlo France\u0161ko i \u0110uro Kne\u017eevi\u0107. Zlatni znak HPS-a dodijeljen je Marici Vujnovi\u0107, Bla\u017eenki Smoljan, Davorinu Molnaru i Zlatku Gorecu. Srebrni znak HPS-a dobili su Marica Petri\u010devi\u0107, Antun Bali\u0107, Adam \u0110akovi\u0107 i Marko Rubil, a Bron\u010dani znak uru\u010den je: Milici France\u0161ko, Mariji Rado\u0161evi\u0107, Jeleni Molnar, Dubravki Biondi\u0107, Dragici Rubil, Ljubici Star\u010devi\u0107, Berislavi Novotny, Katici \u017divkovi\u0107, Dobrili \u0110uri\u0107, Milanu Bla\u017eevi\u0107u, Wilhelmu Kempfu, Ivici Klemu i Zoranu Milu\u0161i\u0107u.<br \/>PD Dilj-gora dobilo je Posebno priznanje HPS-a te priznanje &#8220;Antun Petkovi\u0107&#8221; Slavonskog planinarskog saveza.<br \/>Priznanja PD Dilj-gora dobili su Branislav Popovi\u0107, Darko Dev\u010di\u0107, Ivan Jankovi\u0107, Ivica Liovi\u0107, Ivan Kova\u010d, Berislav Novotny, Antun Vitoli\u0107, i Ana \u017dnidari\u010d, a uru\u010dila ih je predsjednica Marica Petri\u010devi\u0107.<\/p>\n<p style=\"text-align: justify;\"><img loading=\"lazy\" decoding=\"async\" src=\"https:\/\/www.slavonski-planinari.hr\/arhiva\/wp-content\/uploads\/2023\/01\/Domai-i-gosti-iz-Slavonski-drutava-i-BiH-1.jpg\" width=\"978\" height=\"646\" alt=\"\" class=\"wp-image-2265 aligncenter size-full\" srcset=\"https:\/\/www.slavonski-planinari.hr\/arhiva\/wp-content\/uploads\/2023\/01\/Domai-i-gosti-iz-Slavonski-drutava-i-BiH-1.jpg 978w, https:\/\/www.slavonski-planinari.hr\/arhiva\/wp-content\/uploads\/2023\/01\/Domai-i-gosti-iz-Slavonski-drutava-i-BiH-1-480x317.jpg 480w\" sizes=\"(min-width: 0px) and (max-width: 480px) 480px, (min-width: 481px) 978px, 100vw\" \/><\/p>\n<p style=\"text-align: right;\"><span>\u00a0<\/span>Marija Rado\u0161evi\u0107<\/p>\n<\/div>\n<p>[\/et_pb_text][\/et_pb_column][\/et_pb_row][\/et_pb_section]<\/p>\n","protected":false},"excerpt":{"rendered":"<p>Sve\u010danom akademijom u Glazbenoj \u0161koli, Brodsko planinarsko dru\u0161tvo Dilj-gora obilje\u017eilo je 8.studenoga 2014.,\u00a0 90 godina postojanja. U nazo\u010dnosti \u017eupana Danijela Maru\u0161i\u0107a, dogradona\u010delnika Hrvoja Andri\u0107a, predsjednika Gradskog vije\u0107a Darka Grubera te planinara iz \u017dupanje, Lipika, Feri\u010danaca, Po\u017eege, Osijeka, \u0110akova, Rijeke, Vara\u017edina i Ka\u0161tela, kao i iz Ora\u0161ja i Od\u017eaka (BiH) proslavili su svoj veliki jubilej. Podsjetili [&hellip;]<\/p>\n","protected":false},"author":1,"featured_media":0,"comment_status":"closed","ping_status":"open","sticky":false,"template":"","format":"standard","meta":{"_et_pb_use_builder":"on","_et_pb_old_content":"","_et_gb_content_width":"1080","footnotes":""},"categories":[28],"tags":[],"class_list":["post-2263","post","type-post","status-publish","format-standard","hentry","category-28"],"_links":{"self":[{"href":"https:\/\/www.slavonski-planinari.hr\/arhiva\/wp-json\/wp\/v2\/posts\/2263","targetHints":{"allow":["GET"]}}],"collection":[{"href":"https:\/\/www.slavonski-planinari.hr\/arhiva\/wp-json\/wp\/v2\/posts"}],"about":[{"href":"https:\/\/www.slavonski-planinari.hr\/arhiva\/wp-json\/wp\/v2\/types\/post"}],"author":[{"embeddable":true,"href":"https:\/\/www.slavonski-planinari.hr\/arhiva\/wp-json\/wp\/v2\/users\/1"}],"replies":[{"embeddable":true,"href":"https:\/\/www.slavonski-planinari.hr\/arhiva\/wp-json\/wp\/v2\/comments?post=2263"}],"version-history":[{"count":0,"href":"https:\/\/www.slavonski-planinari.hr\/arhiva\/wp-json\/wp\/v2\/posts\/2263\/revisions"}],"wp:attachment":[{"href":"https:\/\/www.slavonski-planinari.hr\/arhiva\/wp-json\/wp\/v2\/media?parent=2263"}],"wp:term":[{"taxonomy":"category","embeddable":true,"href":"https:\/\/www.slavonski-planinari.hr\/arhiva\/wp-json\/wp\/v2\/categories?post=2263"},{"taxonomy":"post_tag","embeddable":true,"href":"https:\/\/www.slavonski-planinari.hr\/arhiva\/wp-json\/wp\/v2\/tags?post=2263"}],"curies":[{"name":"wp","href":"https:\/\/api.w.org\/{rel}","templated":true}]}}