{"id":2252,"date":"2014-11-12T14:44:00","date_gmt":"2014-11-12T13:44:00","guid":{"rendered":"https:\/\/www.slavonski-planinari.hr\/arhiva\/?p=2252"},"modified":"2023-01-04T14:53:04","modified_gmt":"2023-01-04T13:53:04","slug":"dan-otvorenih-vrata-pd-dakovo","status":"publish","type":"post","link":"https:\/\/www.slavonski-planinari.hr\/arhiva\/dan-otvorenih-vrata-pd-dakovo\/","title":{"rendered":"Dan otvorenih vrata PD \u0110akovo"},"content":{"rendered":"<p>[et_pb_section fb_built=&#8221;1&#8243; theme_builder_area=&#8221;post_content&#8221; _builder_version=&#8221;4.19.4&#8243; _module_preset=&#8221;default&#8221;][et_pb_row _builder_version=&#8221;4.19.4&#8243; _module_preset=&#8221;default&#8221; theme_builder_area=&#8221;post_content&#8221;][et_pb_column _builder_version=&#8221;4.19.4&#8243; _module_preset=&#8221;default&#8221; type=&#8221;4_4&#8243; theme_builder_area=&#8221;post_content&#8221;][et_pb_text _builder_version=&#8221;4.19.4&#8243; _module_preset=&#8221;default&#8221; theme_builder_area=&#8221;post_content&#8221; hover_enabled=&#8221;0&#8243; sticky_enabled=&#8221;0&#8243;]<\/p>\n<div class=\"itemIntroText\">\n<p style=\"text-align: justify;\">Budu\u0107i da u vrijeme kada je planiran &#8220;Dan otvorenih vrata&#8221; nije moglo osigurati dovoljno atraktivan prostor,\u00a0 PD \u0110akovo se odlu\u010dilo tu akciju odr\u017eati 23. listopada 2014. Vlasnik trenutno praznog poslovnog prostora u samom centru grada ustupio ga je na jedan dan planinarima.<\/p>\n<\/div>\n<div class=\"itemFullText\">\n<p style=\"text-align: justify;\">\n<p style=\"text-align: justify;\">Bila je to prigoda se gra\u0111anstvo upozna s planinarskim aktivnostima i opremom kroz neposredni razgovor, razgledavanje fotografija i projekciju planinarskih filmova. Dan ranije zidovi su ispunjeni brojnim velikim fotografijama s godi\u0161njih izlo\u017ebi iz ranijih godina, promotivnim plakatima HPS, instalirana su dva video projektora, postavljen \u0161ator, obu\u010dena lutka-planinar, izlo\u017eena oprema i literatura te dove\u017eene stolice za pra\u0107enje ve\u010dernjeg predavanja.<\/p>\n<p style=\"text-align: justify;\">Akcija je zapo\u010dela u prijepodnevnim satima a zavr\u0161ila predavanjem i promocijom putopisne knjige Tomislava Perka. Vrata su zatvorena oko 22 sata.<br \/>Zabilje\u017eena je izvrsna posje\u0107enost gra\u0111ana i vi\u0161e razreda \u0111akova\u010dkih osnovnih \u0161kola.<\/p>\n<p style=\"text-align: justify;\">Time je obilje\u017eena 140. obljetnica HPS ali i 35 godina djelovanja PD \u0110akovo.<\/p>\n<\/div>\n<p>[\/et_pb_text][\/et_pb_column][\/et_pb_row][et_pb_row _builder_version=&#8221;4.19.4&#8243; _module_preset=&#8221;default&#8221; theme_builder_area=&#8221;post_content&#8221;][et_pb_column _builder_version=&#8221;4.19.4&#8243; _module_preset=&#8221;default&#8221; type=&#8221;4_4&#8243; theme_builder_area=&#8221;post_content&#8221;][et_pb_gallery _builder_version=&#8221;4.19.4&#8243; _module_preset=&#8221;default&#8221; theme_builder_area=&#8221;post_content&#8221; gallery_ids=&#8221;2254,2255,2256,2257,2258,2259,2260,2261&#8243; posts_number=&#8221;8&#8243; show_title_and_caption=&#8221;off&#8221; hover_enabled=&#8221;0&#8243; sticky_enabled=&#8221;0&#8243;][\/et_pb_gallery][\/et_pb_column][\/et_pb_row][\/et_pb_section]<\/p>\n","protected":false},"excerpt":{"rendered":"<p>Budu\u0107i da u vrijeme kada je planiran &#8220;Dan otvorenih vrata&#8221; nije moglo osigurati dovoljno atraktivan prostor,\u00a0 PD \u0110akovo se odlu\u010dilo tu akciju odr\u017eati 23. listopada 2014. Vlasnik trenutno praznog poslovnog prostora u samom centru grada ustupio ga je na jedan dan planinarima. Bila je to prigoda se gra\u0111anstvo upozna s planinarskim aktivnostima i opremom kroz [&hellip;]<\/p>\n","protected":false},"author":1,"featured_media":0,"comment_status":"closed","ping_status":"open","sticky":false,"template":"","format":"standard","meta":{"_et_pb_use_builder":"on","_et_pb_old_content":"","_et_gb_content_width":"1080","footnotes":""},"categories":[28],"tags":[],"class_list":["post-2252","post","type-post","status-publish","format-standard","hentry","category-28"],"_links":{"self":[{"href":"https:\/\/www.slavonski-planinari.hr\/arhiva\/wp-json\/wp\/v2\/posts\/2252","targetHints":{"allow":["GET"]}}],"collection":[{"href":"https:\/\/www.slavonski-planinari.hr\/arhiva\/wp-json\/wp\/v2\/posts"}],"about":[{"href":"https:\/\/www.slavonski-planinari.hr\/arhiva\/wp-json\/wp\/v2\/types\/post"}],"author":[{"embeddable":true,"href":"https:\/\/www.slavonski-planinari.hr\/arhiva\/wp-json\/wp\/v2\/users\/1"}],"replies":[{"embeddable":true,"href":"https:\/\/www.slavonski-planinari.hr\/arhiva\/wp-json\/wp\/v2\/comments?post=2252"}],"version-history":[{"count":0,"href":"https:\/\/www.slavonski-planinari.hr\/arhiva\/wp-json\/wp\/v2\/posts\/2252\/revisions"}],"wp:attachment":[{"href":"https:\/\/www.slavonski-planinari.hr\/arhiva\/wp-json\/wp\/v2\/media?parent=2252"}],"wp:term":[{"taxonomy":"category","embeddable":true,"href":"https:\/\/www.slavonski-planinari.hr\/arhiva\/wp-json\/wp\/v2\/categories?post=2252"},{"taxonomy":"post_tag","embeddable":true,"href":"https:\/\/www.slavonski-planinari.hr\/arhiva\/wp-json\/wp\/v2\/tags?post=2252"}],"curies":[{"name":"wp","href":"https:\/\/api.w.org\/{rel}","templated":true}]}}