{"id":2247,"date":"2014-11-07T14:41:00","date_gmt":"2014-11-07T13:41:00","guid":{"rendered":"https:\/\/www.slavonski-planinari.hr\/arhiva\/?p=2247"},"modified":"2023-01-04T14:44:35","modified_gmt":"2023-01-04T13:44:35","slug":"medunarodni-dan-planina","status":"publish","type":"post","link":"https:\/\/www.slavonski-planinari.hr\/arhiva\/medunarodni-dan-planina\/","title":{"rendered":"Me\u0111unarodni dan planina"},"content":{"rendered":"<p>[et_pb_section fb_built=&#8221;1&#8243; theme_builder_area=&#8221;post_content&#8221; _builder_version=&#8221;4.19.4&#8243; _module_preset=&#8221;default&#8221;][et_pb_row _builder_version=&#8221;4.19.4&#8243; _module_preset=&#8221;default&#8221; theme_builder_area=&#8221;post_content&#8221;][et_pb_column _builder_version=&#8221;4.19.4&#8243; _module_preset=&#8221;default&#8221; type=&#8221;4_4&#8243; theme_builder_area=&#8221;post_content&#8221;][et_pb_text _builder_version=&#8221;4.19.4&#8243; _module_preset=&#8221;default&#8221; theme_builder_area=&#8221;post_content&#8221; hover_enabled=&#8221;0&#8243; sticky_enabled=&#8221;0&#8243;]<\/p>\n<div class=\"itemIntroText\">\n<p style=\"text-align: justify;\"><span><img loading=\"lazy\" decoding=\"async\" src=\"https:\/\/www.slavonski-planinari.hr\/arhiva\/wp-content\/uploads\/2023\/01\/mdp_2014.jpg\" width=\"106\" height=\"73\" alt=\"\" class=\"wp-image-2250 alignleft size-full\" \/>Park prirode Papuk i Slavonski planinarski savez, obilje\u017eavaju\u0107i Me\u0111unarodni dan planina, pozivaju Vas u nedjelju 14. prosinca 2014. godine na 9. Izlet &#8220;Nepoznati Papuk&#8221; &#8211; Uviraljka &#8211; Pjetlova kosa (otvorenje planinarskog skloni\u0161ta &#8220;Kne\u017eeva voda&#8221;).<\/span><\/p>\n<p style=\"text-align: justify;\"><span><\/span><\/p>\n<p style=\"text-align: justify;\"><span><\/span><\/p>\n<p style=\"text-align: justify;\"><span><\/span><\/p>\n<\/div>\n<div class=\"itemFullText\">\n<ul style=\"text-align: justify;\">\n<li><span>Okupljanje do 09:30 sati na vojnoj cesti kod ponora Uviraljka<\/span><\/li>\n<li><span>Vrijeme hoda: 4:30 sati (Uviraljka &#8211; M. Dubrava &#8211; Pjetlova kosa &#8211; \u0160ume\u0107e brdo &#8211; Kne\u017eeva voda).<\/span><\/li>\n<li><span>Vrijeme hoda za lak\u0161u turu je oko 3 sata.<\/span><\/li>\n<li><span>Pe\u010dat (manifestacije), letak, vodi\u010di izleta i skromni domjenka (Kne\u017eeva voda) osigurani.<\/span><\/li>\n<li><span>Planinarsku odje\u0107u i obu\u0107u (uklju\u010divo i protuki\u0161nu) se preporu\u010da ponijeti.<\/span><\/li>\n<\/ul>\n<p style=\"text-align: justify;\"><span>\u00a0<\/span><\/p>\n<p style=\"text-align: justify;\"><span>Hrvatski planinarski savez svojim pokroviteljstvom podupire proslavu Me\u0111unarodnog dana planina na Papuku sa ovogodi\u0161njom temom &#8220;Planine &#8211; planinska poljoprivreda&#8221;.<\/span><\/p>\n<p style=\"text-align: justify;\"><span>Info:\u00a0<\/span><\/p>\n<ul>\n<li style=\"text-align: justify;\"><span>PP Papuk, 034 313 030,\u00a0<span id=\"cloak25ae2ddd74b6268cdda5b2bb63326ebb\"><a href=\"mailto:kontak@pp-papuk.hr\">kontak@pp-papuk.hr<\/a><\/span><\/span><\/li>\n<li style=\"text-align: justify;\"><span>Miro Mesi\u0107, 098 416 530,\u00a0<span id=\"cloak05c46ac10d8f9b342b8a0e0d956d50d8\"><a href=\"mailto:miromesic@yahoo.com\">miromesic@yahoo.com<\/a><\/span><\/span><\/li>\n<li style=\"text-align: justify;\"><span>Otmar Tosenberger, 091 181 4119,\u00a0<span id=\"cloak7ffd75a96bc74ab8e457648be57155fe\"><a href=\"mailto:slavonski.planinari@gmail.com\">slavonski.planinari@gmail.com<\/a><\/span><\/span><\/li>\n<\/ul>\n<p><span><span><img loading=\"lazy\" decoding=\"async\" src=\"https:\/\/www.slavonski-planinari.hr\/arhiva\/wp-content\/uploads\/2023\/01\/2014-11-07.png\" width=\"650\" height=\"909\" alt=\"\" class=\"wp-image-2249 aligncenter size-full\" srcset=\"https:\/\/www.slavonski-planinari.hr\/arhiva\/wp-content\/uploads\/2023\/01\/2014-11-07.png 650w, https:\/\/www.slavonski-planinari.hr\/arhiva\/wp-content\/uploads\/2023\/01\/2014-11-07-480x671.png 480w\" sizes=\"(min-width: 0px) and (max-width: 480px) 480px, (min-width: 481px) 650px, 100vw\" \/><\/span><\/span><\/p>\n<\/div>\n<p>[\/et_pb_text][\/et_pb_column][\/et_pb_row][\/et_pb_section]<\/p>\n","protected":false},"excerpt":{"rendered":"<p>Park prirode Papuk i Slavonski planinarski savez, obilje\u017eavaju\u0107i Me\u0111unarodni dan planina, pozivaju Vas u nedjelju 14. prosinca 2014. godine na 9. Izlet &#8220;Nepoznati Papuk&#8221; &#8211; Uviraljka &#8211; Pjetlova kosa (otvorenje planinarskog skloni\u0161ta &#8220;Kne\u017eeva voda&#8221;). Okupljanje do 09:30 sati na vojnoj cesti kod ponora Uviraljka Vrijeme hoda: 4:30 sati (Uviraljka &#8211; M. Dubrava &#8211; Pjetlova kosa [&hellip;]<\/p>\n","protected":false},"author":1,"featured_media":0,"comment_status":"closed","ping_status":"open","sticky":false,"template":"","format":"standard","meta":{"_et_pb_use_builder":"on","_et_pb_old_content":"","_et_gb_content_width":"1080","footnotes":""},"categories":[28],"tags":[],"class_list":["post-2247","post","type-post","status-publish","format-standard","hentry","category-28"],"_links":{"self":[{"href":"https:\/\/www.slavonski-planinari.hr\/arhiva\/wp-json\/wp\/v2\/posts\/2247","targetHints":{"allow":["GET"]}}],"collection":[{"href":"https:\/\/www.slavonski-planinari.hr\/arhiva\/wp-json\/wp\/v2\/posts"}],"about":[{"href":"https:\/\/www.slavonski-planinari.hr\/arhiva\/wp-json\/wp\/v2\/types\/post"}],"author":[{"embeddable":true,"href":"https:\/\/www.slavonski-planinari.hr\/arhiva\/wp-json\/wp\/v2\/users\/1"}],"replies":[{"embeddable":true,"href":"https:\/\/www.slavonski-planinari.hr\/arhiva\/wp-json\/wp\/v2\/comments?post=2247"}],"version-history":[{"count":0,"href":"https:\/\/www.slavonski-planinari.hr\/arhiva\/wp-json\/wp\/v2\/posts\/2247\/revisions"}],"wp:attachment":[{"href":"https:\/\/www.slavonski-planinari.hr\/arhiva\/wp-json\/wp\/v2\/media?parent=2247"}],"wp:term":[{"taxonomy":"category","embeddable":true,"href":"https:\/\/www.slavonski-planinari.hr\/arhiva\/wp-json\/wp\/v2\/categories?post=2247"},{"taxonomy":"post_tag","embeddable":true,"href":"https:\/\/www.slavonski-planinari.hr\/arhiva\/wp-json\/wp\/v2\/tags?post=2247"}],"curies":[{"name":"wp","href":"https:\/\/api.w.org\/{rel}","templated":true}]}}