{"id":2243,"date":"2014-11-04T14:39:00","date_gmt":"2014-11-04T13:39:00","guid":{"rendered":"https:\/\/www.slavonski-planinari.hr\/arhiva\/?p=2243"},"modified":"2023-01-04T14:41:33","modified_gmt":"2023-01-04T13:41:33","slug":"jesen-na-dilju-2","status":"publish","type":"post","link":"https:\/\/www.slavonski-planinari.hr\/arhiva\/jesen-na-dilju-2\/","title":{"rendered":"Jesen na Dilju"},"content":{"rendered":"<p>[et_pb_section fb_built=&#8221;1&#8243; theme_builder_area=&#8221;post_content&#8221; _builder_version=&#8221;4.19.4&#8243; _module_preset=&#8221;default&#8221;][et_pb_row _builder_version=&#8221;4.19.4&#8243; _module_preset=&#8221;default&#8221; theme_builder_area=&#8221;post_content&#8221;][et_pb_column _builder_version=&#8221;4.19.4&#8243; _module_preset=&#8221;default&#8221; type=&#8221;4_4&#8243; theme_builder_area=&#8221;post_content&#8221;][et_pb_text _builder_version=&#8221;4.19.4&#8243; _module_preset=&#8221;default&#8221; theme_builder_area=&#8221;post_content&#8221; hover_enabled=&#8221;0&#8243; sticky_enabled=&#8221;0&#8243;]<\/p>\n<div class=\"itemIntroText\">\n<p style=\"text-align: justify;\">Hrvatsko planinarsko dru\u0161tvo &#8220;Tikvica&#8221; iz \u017dupanje, dana 16. studenog 2014. godine, organizira tradicionalni pohod Prezdanak &#8211; \u010cardak &#8211; &#8220;Jesen na Dilju&#8221;.<\/p>\n<\/div>\n<div class=\"itemFullText\">\n<p style=\"text-align: justify;\">\n<p style=\"text-align: justify;\"><strong>Program doga\u0111anja:<\/strong><\/p>\n<ul style=\"text-align: justify;\">\n<li><span>09:00 sati &#8211; Okupljanje planinara kod lova\u010dkog doma &#8220;Prezdanak&#8221;.<\/span><\/li>\n<li><span>10:00 sati &#8211; Pohod na stazu Prezdanak &#8211; \u010cardak.<\/span><\/li>\n<li><span>14:00 sati &#8211; Ru\u010dak po primjerenim cijenama.<\/span><\/li>\n<li><span>16:00 sati &#8211; Zatvaranje pohoda i ispra\u0107aj gostiju.<\/span><\/li>\n<\/ul>\n<p style=\"text-align: justify;\"><img loading=\"lazy\" decoding=\"async\" src=\"https:\/\/www.slavonski-planinari.hr\/arhiva\/wp-content\/uploads\/2023\/01\/Poziv_na_Pohod_Prezdanak-Cardak_2014_v.jpg\" width=\"641\" height=\"870\" alt=\"\" class=\"wp-image-2245 aligncenter size-full\" srcset=\"https:\/\/www.slavonski-planinari.hr\/arhiva\/wp-content\/uploads\/2023\/01\/Poziv_na_Pohod_Prezdanak-Cardak_2014_v.jpg 641w, https:\/\/www.slavonski-planinari.hr\/arhiva\/wp-content\/uploads\/2023\/01\/Poziv_na_Pohod_Prezdanak-Cardak_2014_v-480x651.jpg 480w\" sizes=\"(min-width: 0px) and (max-width: 480px) 480px, (min-width: 481px) 641px, 100vw\" \/><\/p>\n<p style=\"text-align: justify;\"><span>Molimo planinarska dru\u0161tva da nam na vrijeme prijave svoj dolazak kao i broj sudionika pohoda, kako bi svima osigurali ru\u010dak i pi\u0107e.<\/span><\/p>\n<p style=\"text-align: justify;\"><span>Kontakt: 099 56 62 122 Marko Miki\u0107<\/span><\/p>\n<\/div>\n<p>[\/et_pb_text][\/et_pb_column][\/et_pb_row][\/et_pb_section]<\/p>\n","protected":false},"excerpt":{"rendered":"<p>Hrvatsko planinarsko dru\u0161tvo &#8220;Tikvica&#8221; iz \u017dupanje, dana 16. studenog 2014. godine, organizira tradicionalni pohod Prezdanak &#8211; \u010cardak &#8211; &#8220;Jesen na Dilju&#8221;. Program doga\u0111anja: 09:00 sati &#8211; Okupljanje planinara kod lova\u010dkog doma &#8220;Prezdanak&#8221;. 10:00 sati &#8211; Pohod na stazu Prezdanak &#8211; \u010cardak. 14:00 sati &#8211; Ru\u010dak po primjerenim cijenama. 16:00 sati &#8211; Zatvaranje pohoda i ispra\u0107aj [&hellip;]<\/p>\n","protected":false},"author":1,"featured_media":0,"comment_status":"closed","ping_status":"open","sticky":false,"template":"","format":"standard","meta":{"_et_pb_use_builder":"on","_et_pb_old_content":"","_et_gb_content_width":"1080","footnotes":""},"categories":[28],"tags":[],"class_list":["post-2243","post","type-post","status-publish","format-standard","hentry","category-28"],"_links":{"self":[{"href":"https:\/\/www.slavonski-planinari.hr\/arhiva\/wp-json\/wp\/v2\/posts\/2243","targetHints":{"allow":["GET"]}}],"collection":[{"href":"https:\/\/www.slavonski-planinari.hr\/arhiva\/wp-json\/wp\/v2\/posts"}],"about":[{"href":"https:\/\/www.slavonski-planinari.hr\/arhiva\/wp-json\/wp\/v2\/types\/post"}],"author":[{"embeddable":true,"href":"https:\/\/www.slavonski-planinari.hr\/arhiva\/wp-json\/wp\/v2\/users\/1"}],"replies":[{"embeddable":true,"href":"https:\/\/www.slavonski-planinari.hr\/arhiva\/wp-json\/wp\/v2\/comments?post=2243"}],"version-history":[{"count":0,"href":"https:\/\/www.slavonski-planinari.hr\/arhiva\/wp-json\/wp\/v2\/posts\/2243\/revisions"}],"wp:attachment":[{"href":"https:\/\/www.slavonski-planinari.hr\/arhiva\/wp-json\/wp\/v2\/media?parent=2243"}],"wp:term":[{"taxonomy":"category","embeddable":true,"href":"https:\/\/www.slavonski-planinari.hr\/arhiva\/wp-json\/wp\/v2\/categories?post=2243"},{"taxonomy":"post_tag","embeddable":true,"href":"https:\/\/www.slavonski-planinari.hr\/arhiva\/wp-json\/wp\/v2\/tags?post=2243"}],"curies":[{"name":"wp","href":"https:\/\/api.w.org\/{rel}","templated":true}]}}