{"id":2236,"date":"2014-10-29T14:35:00","date_gmt":"2014-10-29T13:35:00","guid":{"rendered":"https:\/\/www.slavonski-planinari.hr\/arhiva\/?p=2236"},"modified":"2023-01-04T14:39:26","modified_gmt":"2023-01-04T13:39:26","slug":"prvi-susret-planinara-slavonije-i-vojvodine-na-fruskoj-gori-26-10-2014","status":"publish","type":"post","link":"https:\/\/www.slavonski-planinari.hr\/arhiva\/prvi-susret-planinara-slavonije-i-vojvodine-na-fruskoj-gori-26-10-2014\/","title":{"rendered":"Prvi susret planinara Slavonije i Vojvodine na Fru\u0161koj Gori 26.10.2014."},"content":{"rendered":"<p>[et_pb_section fb_built=&#8221;1&#8243; theme_builder_area=&#8221;post_content&#8221; _builder_version=&#8221;4.19.4&#8243; _module_preset=&#8221;default&#8221;][et_pb_row _builder_version=&#8221;4.19.4&#8243; _module_preset=&#8221;default&#8221; theme_builder_area=&#8221;post_content&#8221;][et_pb_column _builder_version=&#8221;4.19.4&#8243; _module_preset=&#8221;default&#8221; type=&#8221;4_4&#8243; theme_builder_area=&#8221;post_content&#8221;][et_pb_text _builder_version=&#8221;4.19.4&#8243; _module_preset=&#8221;default&#8221; theme_builder_area=&#8221;post_content&#8221; hover_enabled=&#8221;0&#8243; sticky_enabled=&#8221;0&#8243;]<\/p>\n<div class=\"itemIntroText\">\n<p style=\"text-align: justify;\">Pro\u0161le godine su Planinarski savez Vojvodine iz Novog Sada i Slavonski planinarski savez iz Osijeka potpisali Protokol o suradnji.<\/p>\n<p style=\"text-align: justify;\"><span>Jedna od ideja je bila ozna\u010diti planinarski put koji bi prelazio preko granice Srbije i Hrvatske, povezuju\u0107i Fru\u0161ku goru koja se iz Srijema prote\u017ee u \u00a0Slavoniju. Zapravo, obronci Fru\u0161ke gore nalaze se u Vukovarsko-srijemskoj \u017eupaniji kod Iloka, a najvi\u0161i vrh zove se Liska (297 m).<\/span><\/p>\n<\/div>\n<div class=\"itemFullText\">\n<p style=\"text-align: justify;\"><span>Od toga se za sada odustalo zbog problema s prelaskom granice van slu\u017ebenih prijelaza. Umjesto toga pokrenuti su susreti planinara pod nazivom &#8220;Po Panonskim gorama&#8221;.<\/span><\/p>\n<p style=\"text-align: justify;\">Oba Saveza \u0107e naizmjeni\u010dno, svake druge godine, biti doma\u0107ini susreta. Osim Panonije, poveznica su dvije velike planinarske obilaznice\/transverzale: Fru\u0161kogorska transverzala duga je 180 km i ima 32 KT. Stvorena je 1956. godine. To je prva planinarska transverzala u Srbiji. Slavonski planinarski put dug je 310 km i ima 35 KT. Otvoren je 1957. godine i prva je planinarska obilaznica u Hrvatskoj.<\/p>\n<p style=\"text-align: justify;\"><span>Za Susret je osmi\u0161ljen znak &#8211; logo, kojeg \u0107e koristiti oba Saveza.<\/span><\/p>\n<p style=\"text-align: justify;\"><span>Prvi susret odr\u017ean je na Fru\u0161koj gori, 26. listopada, u organizaciji Planinarskog Saveza Vojvodine.\u00a0<\/span><\/p>\n<p style=\"text-align: justify;\">Sudjelovalo je oko 250 planinara, od \u010dega iz Slavonije 150. \u00a0Susret je zapo\u010deo okupljanjem pristiglih planinara ispred manastira Kru\u0161edol na Fru\u0161koj gori.<\/p>\n<p style=\"text-align: justify;\"><img loading=\"lazy\" decoding=\"async\" src=\"https:\/\/www.slavonski-planinari.hr\/arhiva\/wp-content\/uploads\/2023\/01\/sps_vojvodina_01.jpg\" width=\"807\" height=\"540\" alt=\"\" class=\"wp-image-2238 aligncenter size-full\" srcset=\"https:\/\/www.slavonski-planinari.hr\/arhiva\/wp-content\/uploads\/2023\/01\/sps_vojvodina_01.jpg 807w, https:\/\/www.slavonski-planinari.hr\/arhiva\/wp-content\/uploads\/2023\/01\/sps_vojvodina_01-480x321.jpg 480w\" sizes=\"(min-width: 0px) and (max-width: 480px) 480px, (min-width: 481px) 807px, 100vw\" \/><\/p>\n<p style=\"text-align: justify;\"><span>Tu nas je do\u010dekao Iso Plani\u0107 &#8211; predsjednik Planinarskog saveza Vojvodine, \u00a0gospodin Dragan \u0110uri\u0107 &#8211; generalni konzul RH u Vojvodini, gospodin Miroslav Vasin &#8211; pokrajinski sekretar za privredu, zapo\u0161ljavanje i ravnopravnost spolova, i planinari doma\u0107ih dru\u0161tava.\u00a0<\/span><\/p>\n<p style=\"text-align: justify;\"><span>Slavonske planinare organizirao je i predvodio predsjednik Slavonskog planinarskog Saveza Otmar Tosenberger.\u00a0<\/span><\/p>\n<p style=\"text-align: justify;\"><img loading=\"lazy\" decoding=\"async\" src=\"https:\/\/www.slavonski-planinari.hr\/arhiva\/wp-content\/uploads\/2023\/01\/sps_vojvodina_02.jpg\" width=\"807\" height=\"540\" alt=\"\" class=\"wp-image-2239 aligncenter size-full\" srcset=\"https:\/\/www.slavonski-planinari.hr\/arhiva\/wp-content\/uploads\/2023\/01\/sps_vojvodina_02.jpg 807w, https:\/\/www.slavonski-planinari.hr\/arhiva\/wp-content\/uploads\/2023\/01\/sps_vojvodina_02-480x321.jpg 480w\" sizes=\"(min-width: 0px) and (max-width: 480px) 480px, (min-width: 481px) 807px, 100vw\" \/><\/p>\n<p style=\"text-align: justify;\">Svi oni su prisutnim planinarima uputili lijepe rije\u010di dobrodo\u0161lice i podr\u0161ku na ovakvoj suradnju i zajedni\u010dkom dru\u017eenju.<\/p>\n<p style=\"text-align: justify;\"><span>Predsjednik Slavonskog planinarskog saveza Otmar Tosenberger je, u znak sje\u0107anja na prvi susret, poklonio doma\u0107inu sliku u tehnici vinorela, rad Luke Malo\u010de, planinara iz Feri\u010danaca.<\/span><\/p>\n<p style=\"text-align: justify;\"><img loading=\"lazy\" decoding=\"async\" src=\"https:\/\/www.slavonski-planinari.hr\/arhiva\/wp-content\/uploads\/2023\/01\/sps_vojvodina_03.jpg\" width=\"807\" height=\"540\" alt=\"\" class=\"wp-image-2240 aligncenter size-full\" srcset=\"https:\/\/www.slavonski-planinari.hr\/arhiva\/wp-content\/uploads\/2023\/01\/sps_vojvodina_03.jpg 807w, https:\/\/www.slavonski-planinari.hr\/arhiva\/wp-content\/uploads\/2023\/01\/sps_vojvodina_03-480x321.jpg 480w\" sizes=\"(min-width: 0px) and (max-width: 480px) 480px, (min-width: 481px) 807px, 100vw\" \/><\/p>\n<p style=\"text-align: justify;\"><span>Pro\u0161li smo planinarskim putom dugim 12 kilometara, i posjetili manastire Kru\u0161edol (174 m), i Velika Remeta (266 m), te grob pjesnika Branka Radi\u010devi\u0107a (295 m). Na kraju i \u00a0planinarski dom Stra\u017eilovo (284 m), svje\u017ee obnovljen nakon po\u017eara. Kod doma je organizirano dru\u017eenje uz ru\u010dak. Na jelovniku je bio planinarski grah, a za desert pala\u010dinke.<\/span><\/p>\n<p style=\"text-align: justify;\"><img loading=\"lazy\" decoding=\"async\" src=\"https:\/\/www.slavonski-planinari.hr\/arhiva\/wp-content\/uploads\/2023\/01\/sps_vojvodina_04.jpg\" width=\"807\" height=\"540\" alt=\"\" class=\"wp-image-2241 aligncenter size-full\" srcset=\"https:\/\/www.slavonski-planinari.hr\/arhiva\/wp-content\/uploads\/2023\/01\/sps_vojvodina_04.jpg 807w, https:\/\/www.slavonski-planinari.hr\/arhiva\/wp-content\/uploads\/2023\/01\/sps_vojvodina_04-480x321.jpg 480w\" sizes=\"(min-width: 0px) and (max-width: 480px) 480px, (min-width: 481px) 807px, 100vw\" \/><\/p>\n<p style=\"text-align: justify;\"><span>Vidimo se slijede\u0107e godine u Slavoniji.<\/span><\/p>\n<div>Evo kako je susret zabilje\u017eio snimatelj iz jednog Vojvo\u0111anskog planinarskog dru\u0161tva:\u00a0<a href=\"http:\/\/www.youtube.com\/watch?v=OFb2710A9c0\">http:\/\/www.youtube.com\/watch?v=OFb2710A9c0<\/a><\/div>\n<p style=\"text-align: right;\"><span>Za web Slavonskog planinarskog saveza i Hrvatski planinar,<br \/>Mila Andri\u0107 tajnica SPS-a.\u00a0<\/span><\/p>\n<\/div>\n<p>[\/et_pb_text][\/et_pb_column][\/et_pb_row][\/et_pb_section]<\/p>\n","protected":false},"excerpt":{"rendered":"<p>Pro\u0161le godine su Planinarski savez Vojvodine iz Novog Sada i Slavonski planinarski savez iz Osijeka potpisali Protokol o suradnji. Jedna od ideja je bila ozna\u010diti planinarski put koji bi prelazio preko granice Srbije i Hrvatske, povezuju\u0107i Fru\u0161ku goru koja se iz Srijema prote\u017ee u \u00a0Slavoniju. Zapravo, obronci Fru\u0161ke gore nalaze se u Vukovarsko-srijemskoj \u017eupaniji kod [&hellip;]<\/p>\n","protected":false},"author":1,"featured_media":0,"comment_status":"closed","ping_status":"open","sticky":false,"template":"","format":"standard","meta":{"_et_pb_use_builder":"on","_et_pb_old_content":"","_et_gb_content_width":"1080","footnotes":""},"categories":[28],"tags":[],"class_list":["post-2236","post","type-post","status-publish","format-standard","hentry","category-28"],"_links":{"self":[{"href":"https:\/\/www.slavonski-planinari.hr\/arhiva\/wp-json\/wp\/v2\/posts\/2236","targetHints":{"allow":["GET"]}}],"collection":[{"href":"https:\/\/www.slavonski-planinari.hr\/arhiva\/wp-json\/wp\/v2\/posts"}],"about":[{"href":"https:\/\/www.slavonski-planinari.hr\/arhiva\/wp-json\/wp\/v2\/types\/post"}],"author":[{"embeddable":true,"href":"https:\/\/www.slavonski-planinari.hr\/arhiva\/wp-json\/wp\/v2\/users\/1"}],"replies":[{"embeddable":true,"href":"https:\/\/www.slavonski-planinari.hr\/arhiva\/wp-json\/wp\/v2\/comments?post=2236"}],"version-history":[{"count":0,"href":"https:\/\/www.slavonski-planinari.hr\/arhiva\/wp-json\/wp\/v2\/posts\/2236\/revisions"}],"wp:attachment":[{"href":"https:\/\/www.slavonski-planinari.hr\/arhiva\/wp-json\/wp\/v2\/media?parent=2236"}],"wp:term":[{"taxonomy":"category","embeddable":true,"href":"https:\/\/www.slavonski-planinari.hr\/arhiva\/wp-json\/wp\/v2\/categories?post=2236"},{"taxonomy":"post_tag","embeddable":true,"href":"https:\/\/www.slavonski-planinari.hr\/arhiva\/wp-json\/wp\/v2\/tags?post=2236"}],"curies":[{"name":"wp","href":"https:\/\/api.w.org\/{rel}","templated":true}]}}