{"id":2232,"date":"2014-10-21T14:32:00","date_gmt":"2014-10-21T13:32:00","guid":{"rendered":"https:\/\/www.slavonski-planinari.hr\/arhiva\/?p=2232"},"modified":"2023-01-04T14:35:03","modified_gmt":"2023-01-04T13:35:03","slug":"pobjednici-3-2014","status":"publish","type":"post","link":"https:\/\/www.slavonski-planinari.hr\/arhiva\/pobjednici-3-2014\/","title":{"rendered":"Pobjednici 3\/2014."},"content":{"rendered":"<p>[et_pb_section fb_built=&#8221;1&#8243; theme_builder_area=&#8221;post_content&#8221; _builder_version=&#8221;4.19.4&#8243; _module_preset=&#8221;default&#8221;][et_pb_row _builder_version=&#8221;4.19.4&#8243; _module_preset=&#8221;default&#8221; theme_builder_area=&#8221;post_content&#8221;][et_pb_column _builder_version=&#8221;4.19.4&#8243; _module_preset=&#8221;default&#8221; type=&#8221;4_4&#8243; theme_builder_area=&#8221;post_content&#8221;][et_pb_text _builder_version=&#8221;4.19.4&#8243; _module_preset=&#8221;default&#8221; theme_builder_area=&#8221;post_content&#8221; hover_enabled=&#8221;0&#8243; sticky_enabled=&#8221;0&#8243;]<\/p>\n<h2 style=\"text-align: center;\">SLAVONIJOM ZBRDA &#8211; ZDOLA<\/h2>\n<h2 style=\"text-align: center;\">stalni slavonski planinarski digitalni foto festival<\/h2>\n<h2 style=\"text-align: center;\">ZAPISNIK O OCJENJIVANJU FOTOGRAFIJA za temu 3\/2014:<\/h2>\n<h2 style=\"text-align: center;\">KUKCI &#8211; LEPTIRI, PAUCI, SVE BUBE I LI\u010cINKE (SLAVONSKIH GORA)<\/h2>\n<p style=\"text-align: center;\"><img loading=\"lazy\" decoding=\"async\" src=\"https:\/\/www.slavonski-planinari.hr\/arhiva\/wp-content\/uploads\/2023\/01\/digifest.png\" width=\"833\" height=\"436\" alt=\"\" class=\"wp-image-2234 aligncenter size-full\" srcset=\"https:\/\/www.slavonski-planinari.hr\/arhiva\/wp-content\/uploads\/2023\/01\/digifest.png 833w, https:\/\/www.slavonski-planinari.hr\/arhiva\/wp-content\/uploads\/2023\/01\/digifest-480x251.png 480w\" sizes=\"(min-width: 0px) and (max-width: 480px) 480px, (min-width: 481px) 833px, 100vw\" \/><\/p>\n<h2 style=\"text-align: center;\">U Osijeku, 18. listopad 2014.g.<\/h2>\n<h2 style=\"text-align: right;\">Tajnik foto festivala:<br \/>Tihomir Kova\u010devi\u0107<\/h2>\n<p>[\/et_pb_text][\/et_pb_column][\/et_pb_row][\/et_pb_section]<\/p>\n","protected":false},"excerpt":{"rendered":"<p>SLAVONIJOM ZBRDA &#8211; ZDOLA stalni slavonski planinarski digitalni foto festival ZAPISNIK O OCJENJIVANJU FOTOGRAFIJA za temu 3\/2014: KUKCI &#8211; LEPTIRI, PAUCI, SVE BUBE I LI\u010cINKE (SLAVONSKIH GORA) U Osijeku, 18. listopad 2014.g. Tajnik foto festivala:Tihomir Kova\u010devi\u0107<\/p>\n","protected":false},"author":1,"featured_media":0,"comment_status":"closed","ping_status":"open","sticky":false,"template":"","format":"standard","meta":{"_et_pb_use_builder":"on","_et_pb_old_content":"","_et_gb_content_width":"1080","footnotes":""},"categories":[28],"tags":[],"class_list":["post-2232","post","type-post","status-publish","format-standard","hentry","category-28"],"_links":{"self":[{"href":"https:\/\/www.slavonski-planinari.hr\/arhiva\/wp-json\/wp\/v2\/posts\/2232","targetHints":{"allow":["GET"]}}],"collection":[{"href":"https:\/\/www.slavonski-planinari.hr\/arhiva\/wp-json\/wp\/v2\/posts"}],"about":[{"href":"https:\/\/www.slavonski-planinari.hr\/arhiva\/wp-json\/wp\/v2\/types\/post"}],"author":[{"embeddable":true,"href":"https:\/\/www.slavonski-planinari.hr\/arhiva\/wp-json\/wp\/v2\/users\/1"}],"replies":[{"embeddable":true,"href":"https:\/\/www.slavonski-planinari.hr\/arhiva\/wp-json\/wp\/v2\/comments?post=2232"}],"version-history":[{"count":0,"href":"https:\/\/www.slavonski-planinari.hr\/arhiva\/wp-json\/wp\/v2\/posts\/2232\/revisions"}],"wp:attachment":[{"href":"https:\/\/www.slavonski-planinari.hr\/arhiva\/wp-json\/wp\/v2\/media?parent=2232"}],"wp:term":[{"taxonomy":"category","embeddable":true,"href":"https:\/\/www.slavonski-planinari.hr\/arhiva\/wp-json\/wp\/v2\/categories?post=2232"},{"taxonomy":"post_tag","embeddable":true,"href":"https:\/\/www.slavonski-planinari.hr\/arhiva\/wp-json\/wp\/v2\/tags?post=2232"}],"curies":[{"name":"wp","href":"https:\/\/api.w.org\/{rel}","templated":true}]}}