{"id":2226,"date":"2014-10-13T14:25:00","date_gmt":"2014-10-13T13:25:00","guid":{"rendered":"https:\/\/www.slavonski-planinari.hr\/arhiva\/?p=2226"},"modified":"2023-01-04T14:32:20","modified_gmt":"2023-01-04T13:32:20","slug":"kutjevacko-martinje-2014","status":"publish","type":"post","link":"https:\/\/www.slavonski-planinari.hr\/arhiva\/kutjevacko-martinje-2014\/","title":{"rendered":"KUTJEVA\u010cKO MARTINJE 2014."},"content":{"rendered":"<p>[et_pb_section fb_built=&#8221;1&#8243; theme_builder_area=&#8221;post_content&#8221; _builder_version=&#8221;4.19.4&#8243; _module_preset=&#8221;default&#8221; custom_padding=&#8221;||328px|||&#8221;][et_pb_row _builder_version=&#8221;4.19.4&#8243; _module_preset=&#8221;default&#8221; theme_builder_area=&#8221;post_content&#8221;][et_pb_column _builder_version=&#8221;4.19.4&#8243; _module_preset=&#8221;default&#8221; type=&#8221;4_4&#8243; theme_builder_area=&#8221;post_content&#8221;][et_pb_text _builder_version=&#8221;4.19.4&#8243; _module_preset=&#8221;default&#8221; theme_builder_area=&#8221;post_content&#8221; hover_enabled=&#8221;0&#8243; sticky_enabled=&#8221;0&#8243;]<\/p>\n<div class=\"itemIntroText\">\n<p style=\"text-align: justify;\"><img loading=\"lazy\" decoding=\"async\" src=\"https:\/\/www.slavonski-planinari.hr\/arhiva\/wp-content\/uploads\/2023\/01\/PB110061-.jpg\" width=\"117\" height=\"88\" alt=\"\" class=\"wp-image-2228 alignleft size-full\" srcset=\"https:\/\/www.slavonski-planinari.hr\/arhiva\/wp-content\/uploads\/2023\/01\/PB110061-.jpg 400w, https:\/\/www.slavonski-planinari.hr\/arhiva\/wp-content\/uploads\/2023\/01\/PB110061--300x225.jpg 300w\" sizes=\"(max-width: 117px) 100vw, 117px\" \/>HPD &#8220;Vidim&#8221; Kutjevo, Turisti\u010dka zajednica grada Kutjeva, Grad Kutjevo i Kutjeva\u010dki vinari, pozivaju vas dana 08. i 09. studenog 2014. (subota i nedjelja) u prigodi Sv. Martina na 17. tradicionalni izlet za planinare, izletnike i sve ljubitelje vrhunske kutjeva\u010dke vinske kapljice na Kutjeva\u010dko Martinje 2014.<\/p>\n<p style=\"text-align: justify;\">\n<p style=\"text-align: justify;\">\n<p style=\"text-align: justify;\">\n<\/div>\n<div class=\"itemFullText\">\n<p style=\"text-align: justify;\">Upoznajte ljepote Krndije i vrhunska vina kutjeva\u010dkog kraja, te se proveselite na jedinstvenom u svijetu Trgu Gra\u0161evine uz vrhunski zabavni program.<br \/>Poziv i program pohoda kao i program manifestacije nalazi se<span>\u00a0<\/span><a href=\"https:\/\/www.slavonski-planinari.hr\/arhiva\/wp-content\/uploads\/2023\/01\/1.pdf\">OVDJE<\/a><span>\u00a0<\/span>i<span>\u00a0<\/span><a href=\"https:\/\/www.slavonski-planinari.hr\/arhiva\/wp-content\/uploads\/2023\/01\/2.pdf\">OVDJE<\/a>.<\/p>\n<\/div>\n<p>[\/et_pb_text][\/et_pb_column][\/et_pb_row][\/et_pb_section]<\/p>\n","protected":false},"excerpt":{"rendered":"<p>HPD &#8220;Vidim&#8221; Kutjevo, Turisti\u010dka zajednica grada Kutjeva, Grad Kutjevo i Kutjeva\u010dki vinari, pozivaju vas dana 08. i 09. studenog 2014. (subota i nedjelja) u prigodi Sv. Martina na 17. tradicionalni izlet za planinare, izletnike i sve ljubitelje vrhunske kutjeva\u010dke vinske kapljice na Kutjeva\u010dko Martinje 2014. Upoznajte ljepote Krndije i vrhunska vina kutjeva\u010dkog kraja, te se [&hellip;]<\/p>\n","protected":false},"author":1,"featured_media":0,"comment_status":"closed","ping_status":"open","sticky":false,"template":"","format":"standard","meta":{"_et_pb_use_builder":"on","_et_pb_old_content":"","_et_gb_content_width":"1080","footnotes":""},"categories":[28],"tags":[],"class_list":["post-2226","post","type-post","status-publish","format-standard","hentry","category-28"],"_links":{"self":[{"href":"https:\/\/www.slavonski-planinari.hr\/arhiva\/wp-json\/wp\/v2\/posts\/2226","targetHints":{"allow":["GET"]}}],"collection":[{"href":"https:\/\/www.slavonski-planinari.hr\/arhiva\/wp-json\/wp\/v2\/posts"}],"about":[{"href":"https:\/\/www.slavonski-planinari.hr\/arhiva\/wp-json\/wp\/v2\/types\/post"}],"author":[{"embeddable":true,"href":"https:\/\/www.slavonski-planinari.hr\/arhiva\/wp-json\/wp\/v2\/users\/1"}],"replies":[{"embeddable":true,"href":"https:\/\/www.slavonski-planinari.hr\/arhiva\/wp-json\/wp\/v2\/comments?post=2226"}],"version-history":[{"count":0,"href":"https:\/\/www.slavonski-planinari.hr\/arhiva\/wp-json\/wp\/v2\/posts\/2226\/revisions"}],"wp:attachment":[{"href":"https:\/\/www.slavonski-planinari.hr\/arhiva\/wp-json\/wp\/v2\/media?parent=2226"}],"wp:term":[{"taxonomy":"category","embeddable":true,"href":"https:\/\/www.slavonski-planinari.hr\/arhiva\/wp-json\/wp\/v2\/categories?post=2226"},{"taxonomy":"post_tag","embeddable":true,"href":"https:\/\/www.slavonski-planinari.hr\/arhiva\/wp-json\/wp\/v2\/tags?post=2226"}],"curies":[{"name":"wp","href":"https:\/\/api.w.org\/{rel}","templated":true}]}}