{"id":2216,"date":"2014-09-23T14:19:00","date_gmt":"2014-09-23T13:19:00","guid":{"rendered":"https:\/\/www.slavonski-planinari.hr\/arhiva\/?p=2216"},"modified":"2023-01-04T14:21:48","modified_gmt":"2023-01-04T13:21:48","slug":"kroz-vinograde-i-sume-3","status":"publish","type":"post","link":"https:\/\/www.slavonski-planinari.hr\/arhiva\/kroz-vinograde-i-sume-3\/","title":{"rendered":"Kroz vinograde i \u0161ume"},"content":{"rendered":"<p>[et_pb_section fb_built=&#8221;1&#8243; theme_builder_area=&#8221;post_content&#8221; _builder_version=&#8221;4.19.4&#8243; _module_preset=&#8221;default&#8221; custom_padding=&#8221;||229px|||&#8221;][et_pb_row _builder_version=&#8221;4.19.4&#8243; _module_preset=&#8221;default&#8221; theme_builder_area=&#8221;post_content&#8221;][et_pb_column _builder_version=&#8221;4.19.4&#8243; _module_preset=&#8221;default&#8221; type=&#8221;4_4&#8243; theme_builder_area=&#8221;post_content&#8221;][et_pb_text _builder_version=&#8221;4.19.4&#8243; _module_preset=&#8221;default&#8221; theme_builder_area=&#8221;post_content&#8221; hover_enabled=&#8221;0&#8243; sticky_enabled=&#8221;0&#8243;]<\/p>\n<div class=\"itemIntroText\">\n<p style=\"text-align: justify;\"><span><img loading=\"lazy\" decoding=\"async\" src=\"https:\/\/www.slavonski-planinari.hr\/arhiva\/wp-content\/uploads\/2023\/01\/poziv200px.jpg\" width=\"143\" height=\"97\" alt=\"\" class=\"wp-image-2218 alignleft size-full\" \/>Hrvatsko planinarsko dru\u0161tvo \u201eSokol Feri\u010danci\u201c i Slavonski planinarski savez pozivaju planinare na tradicionalni izlet \u201eKroz vinograde i \u0161ume\u201c koji se odr\u017eava dana 28. rujna 2014. godine (nedjelja).<\/span><\/p>\n<p style=\"text-align: justify;\"><span>Istog dana se obilje\u017eava i Dan Krndije.<\/span><\/p>\n<p style=\"text-align: justify;\"><span><\/span><\/p>\n<p style=\"text-align: justify;\"><span><\/span><\/p>\n<\/div>\n<div class=\"itemFullText\">\n<p style=\"text-align: justify;\"><span>Program:<\/span><\/p>\n<ul style=\"text-align: justify;\">\n<li><span>Okupljanje pred \u0161kolom u Feri\u010dancima i prijava Dru\u0161tava \u2013 do 9,00 sati;<\/span><\/li>\n<li><span>Otvaranje muzejske zbirke- \u00a0SPS i HPD \u201cSokol Feri\u010danci\u201d\u2013 u 9,15 sati;<\/span><\/li>\n<li><span>Drugi Zbor markacista Slavonije i Baranje \u2013 u 9,30 sati;<\/span><\/li>\n<li><span>Razgledanje muzejske zbirke, i kupnja proizvoda iz ponude \u2013 do 10,30 sati;<\/span><\/li>\n<li><span>Polazak na dulju stazu u 10,30 sati;<\/span><\/li>\n<li><span>Polazak na kra\u0107u stazu u 11,15 sati;<\/span><\/li>\n<li><span>Okupljanje svih sudionika na Srednjaku uz ugostiteljsku ponudu i dru\u017eenje uz tambura\u0161ki sastav \u201ePet tambura\u201c.\u00a0<\/span><\/li>\n<\/ul>\n<p style=\"text-align: justify;\"><span>Info: Zlatko Brki\u0107, predsjednik HPD \u201eSokol Feri\u010danci\u201c \u2013 mob: 099-460-30-95<\/span><span>\u00a0<\/span><span>\u00a0<\/span><\/p>\n<\/div>\n<p>[\/et_pb_text][\/et_pb_column][\/et_pb_row][\/et_pb_section]<\/p>\n","protected":false},"excerpt":{"rendered":"<p>Hrvatsko planinarsko dru\u0161tvo \u201eSokol Feri\u010danci\u201c i Slavonski planinarski savez pozivaju planinare na tradicionalni izlet \u201eKroz vinograde i \u0161ume\u201c koji se odr\u017eava dana 28. rujna 2014. godine (nedjelja). Istog dana se obilje\u017eava i Dan Krndije. Program: Okupljanje pred \u0161kolom u Feri\u010dancima i prijava Dru\u0161tava \u2013 do 9,00 sati; Otvaranje muzejske zbirke- \u00a0SPS i HPD \u201cSokol Feri\u010danci\u201d\u2013 [&hellip;]<\/p>\n","protected":false},"author":1,"featured_media":0,"comment_status":"closed","ping_status":"open","sticky":false,"template":"","format":"standard","meta":{"_et_pb_use_builder":"on","_et_pb_old_content":"","_et_gb_content_width":"1080","footnotes":""},"categories":[28],"tags":[],"class_list":["post-2216","post","type-post","status-publish","format-standard","hentry","category-28"],"_links":{"self":[{"href":"https:\/\/www.slavonski-planinari.hr\/arhiva\/wp-json\/wp\/v2\/posts\/2216","targetHints":{"allow":["GET"]}}],"collection":[{"href":"https:\/\/www.slavonski-planinari.hr\/arhiva\/wp-json\/wp\/v2\/posts"}],"about":[{"href":"https:\/\/www.slavonski-planinari.hr\/arhiva\/wp-json\/wp\/v2\/types\/post"}],"author":[{"embeddable":true,"href":"https:\/\/www.slavonski-planinari.hr\/arhiva\/wp-json\/wp\/v2\/users\/1"}],"replies":[{"embeddable":true,"href":"https:\/\/www.slavonski-planinari.hr\/arhiva\/wp-json\/wp\/v2\/comments?post=2216"}],"version-history":[{"count":0,"href":"https:\/\/www.slavonski-planinari.hr\/arhiva\/wp-json\/wp\/v2\/posts\/2216\/revisions"}],"wp:attachment":[{"href":"https:\/\/www.slavonski-planinari.hr\/arhiva\/wp-json\/wp\/v2\/media?parent=2216"}],"wp:term":[{"taxonomy":"category","embeddable":true,"href":"https:\/\/www.slavonski-planinari.hr\/arhiva\/wp-json\/wp\/v2\/categories?post=2216"},{"taxonomy":"post_tag","embeddable":true,"href":"https:\/\/www.slavonski-planinari.hr\/arhiva\/wp-json\/wp\/v2\/tags?post=2216"}],"curies":[{"name":"wp","href":"https:\/\/api.w.org\/{rel}","templated":true}]}}