{"id":2212,"date":"2014-09-18T14:16:00","date_gmt":"2014-09-18T13:16:00","guid":{"rendered":"https:\/\/www.slavonski-planinari.hr\/arhiva\/?p=2212"},"modified":"2023-01-04T14:18:33","modified_gmt":"2023-01-04T13:18:33","slug":"gdje-su-kukci","status":"publish","type":"post","link":"https:\/\/www.slavonski-planinari.hr\/arhiva\/gdje-su-kukci\/","title":{"rendered":"Gdje su kukci?"},"content":{"rendered":"<p>[et_pb_section fb_built=&#8221;1&#8243; theme_builder_area=&#8221;post_content&#8221; _builder_version=&#8221;4.19.4&#8243; _module_preset=&#8221;default&#8221;][et_pb_row _builder_version=&#8221;4.19.4&#8243; _module_preset=&#8221;default&#8221; theme_builder_area=&#8221;post_content&#8221;][et_pb_column _builder_version=&#8221;4.19.4&#8243; _module_preset=&#8221;default&#8221; type=&#8221;4_4&#8243; theme_builder_area=&#8221;post_content&#8221;][et_pb_text _builder_version=&#8221;4.19.4&#8243; _module_preset=&#8221;default&#8221; theme_builder_area=&#8221;post_content&#8221; hover_enabled=&#8221;0&#8243; sticky_enabled=&#8221;0&#8243;]<\/p>\n<div class=\"itemIntroText\">\n<p style=\"text-align: justify;\"><span>Na temu Kukci &#8211; leptiri, pauci, sve bube i li\u010dinke na\u0161eg web foto festivala Slavonijom zbrdazdola, (koja zavr\u0161ava s 30. rujna 2014.) jo\u0161 nismo dobili niti jednu prijavu?<\/span><\/p>\n<p style=\"text-align: justify;\"><span>Nije mogu\u0107e da ih niste slikali.<\/span><\/p>\n<\/div>\n<div class=\"itemFullText\">\n<p style=\"text-align: justify;\"><span>Da, malo smo se ulijenili tijekom ljeta pa vam dajemo jo\u0161 koji dan vi\u0161e da pregledate svoju digitalnu foto arhivu, prona\u0111ete svoje kukce i po\u0161aljete nam do zaklju\u010dno 12. listopada 2014. godine.<\/span><\/p>\n<p style=\"text-align: justify;\"><img loading=\"lazy\" decoding=\"async\" src=\"https:\/\/www.slavonski-planinari.hr\/arhiva\/wp-content\/uploads\/2023\/01\/ripaca_velika.jpg\" width=\"647\" height=\"463\" alt=\"\" class=\"wp-image-2214 aligncenter size-full\" srcset=\"https:\/\/www.slavonski-planinari.hr\/arhiva\/wp-content\/uploads\/2023\/01\/ripaca_velika.jpg 647w, https:\/\/www.slavonski-planinari.hr\/arhiva\/wp-content\/uploads\/2023\/01\/ripaca_velika-480x343.jpg 480w\" sizes=\"(min-width: 0px) and (max-width: 480px) 480px, (min-width: 481px) 647px, 100vw\" \/><\/p>\n<\/div>\n<p>[\/et_pb_text][\/et_pb_column][\/et_pb_row][\/et_pb_section]<\/p>\n","protected":false},"excerpt":{"rendered":"<p>Na temu Kukci &#8211; leptiri, pauci, sve bube i li\u010dinke na\u0161eg web foto festivala Slavonijom zbrdazdola, (koja zavr\u0161ava s 30. rujna 2014.) jo\u0161 nismo dobili niti jednu prijavu? Nije mogu\u0107e da ih niste slikali. Da, malo smo se ulijenili tijekom ljeta pa vam dajemo jo\u0161 koji dan vi\u0161e da pregledate svoju digitalnu foto arhivu, prona\u0111ete [&hellip;]<\/p>\n","protected":false},"author":1,"featured_media":0,"comment_status":"closed","ping_status":"open","sticky":false,"template":"","format":"standard","meta":{"_et_pb_use_builder":"on","_et_pb_old_content":"","_et_gb_content_width":"1080","footnotes":""},"categories":[28],"tags":[],"class_list":["post-2212","post","type-post","status-publish","format-standard","hentry","category-28"],"_links":{"self":[{"href":"https:\/\/www.slavonski-planinari.hr\/arhiva\/wp-json\/wp\/v2\/posts\/2212","targetHints":{"allow":["GET"]}}],"collection":[{"href":"https:\/\/www.slavonski-planinari.hr\/arhiva\/wp-json\/wp\/v2\/posts"}],"about":[{"href":"https:\/\/www.slavonski-planinari.hr\/arhiva\/wp-json\/wp\/v2\/types\/post"}],"author":[{"embeddable":true,"href":"https:\/\/www.slavonski-planinari.hr\/arhiva\/wp-json\/wp\/v2\/users\/1"}],"replies":[{"embeddable":true,"href":"https:\/\/www.slavonski-planinari.hr\/arhiva\/wp-json\/wp\/v2\/comments?post=2212"}],"version-history":[{"count":0,"href":"https:\/\/www.slavonski-planinari.hr\/arhiva\/wp-json\/wp\/v2\/posts\/2212\/revisions"}],"wp:attachment":[{"href":"https:\/\/www.slavonski-planinari.hr\/arhiva\/wp-json\/wp\/v2\/media?parent=2212"}],"wp:term":[{"taxonomy":"category","embeddable":true,"href":"https:\/\/www.slavonski-planinari.hr\/arhiva\/wp-json\/wp\/v2\/categories?post=2212"},{"taxonomy":"post_tag","embeddable":true,"href":"https:\/\/www.slavonski-planinari.hr\/arhiva\/wp-json\/wp\/v2\/tags?post=2212"}],"curies":[{"name":"wp","href":"https:\/\/api.w.org\/{rel}","templated":true}]}}