{"id":2191,"date":"2014-09-09T14:03:00","date_gmt":"2014-09-09T13:03:00","guid":{"rendered":"https:\/\/www.slavonski-planinari.hr\/arhiva\/?p=2191"},"modified":"2023-01-04T14:06:54","modified_gmt":"2023-01-04T13:06:54","slug":"izlozba-zbrda-zdola","status":"publish","type":"post","link":"https:\/\/www.slavonski-planinari.hr\/arhiva\/izlozba-zbrda-zdola\/","title":{"rendered":"Izlo\u017eba Zbrda-zdola"},"content":{"rendered":"<p>[et_pb_section fb_built=&#8221;1&#8243; theme_builder_area=&#8221;post_content&#8221; _builder_version=&#8221;4.19.4&#8243; _module_preset=&#8221;default&#8221;][et_pb_row _builder_version=&#8221;4.19.4&#8243; _module_preset=&#8221;default&#8221; theme_builder_area=&#8221;post_content&#8221;][et_pb_column _builder_version=&#8221;4.19.4&#8243; _module_preset=&#8221;default&#8221; type=&#8221;4_4&#8243; theme_builder_area=&#8221;post_content&#8221;][et_pb_text _builder_version=&#8221;4.19.4&#8243; _module_preset=&#8221;default&#8221; theme_builder_area=&#8221;post_content&#8221; hover_enabled=&#8221;0&#8243; sticky_enabled=&#8221;0&#8243;]<\/p>\n<div class=\"itemIntroText\">\n<p style=\"text-align: justify;\">Slavonski planinarski savez i Hrvatsko planinarsko dru\u0161tvo Jankovac pozivaju sve zainteresirane na izlo\u017ebu Slavonijom &#8220;ZBRDA-ZDOLA&#8221; koja se odr\u017eava u Gradskoj i sveu\u010dili\u0161noj knji\u017enici Osijek, ulica Europske avenije 24 (1. kat) sa po\u010detkom u 18:00 sati.<\/p>\n<\/div>\n<div class=\"itemFullText\">\n<p style=\"text-align: justify;\">Posjet izlo\u017ebi na kojoj planinari prirodu doti\u010du ne samo okom nego i fotoaparatom biti \u0107e omogu\u0107en svakog dana od 08:00 do 19:30 sati, od dana otvorenja do 30.09.2014. godine.<\/p>\n<p style=\"text-align: justify;\"><img loading=\"lazy\" decoding=\"async\" src=\"https:\/\/www.slavonski-planinari.hr\/arhiva\/wp-content\/uploads\/2023\/01\/izlozba-zbrda-zdola-velika.jpg\" width=\"607\" height=\"855\" alt=\"\" class=\"wp-image-2194 aligncenter size-full\" srcset=\"https:\/\/www.slavonski-planinari.hr\/arhiva\/wp-content\/uploads\/2023\/01\/izlozba-zbrda-zdola-velika.jpg 607w, https:\/\/www.slavonski-planinari.hr\/arhiva\/wp-content\/uploads\/2023\/01\/izlozba-zbrda-zdola-velika-480x676.jpg 480w\" sizes=\"(min-width: 0px) and (max-width: 480px) 480px, (min-width: 481px) 607px, 100vw\" \/><\/p>\n<p style=\"text-align: right;\">Predsjednik HPD Jankovac:<br \/>Zdenko Fury\u00a0<\/p>\n<\/div>\n<p>[\/et_pb_text][\/et_pb_column][\/et_pb_row][\/et_pb_section]<\/p>\n","protected":false},"excerpt":{"rendered":"<p>Slavonski planinarski savez i Hrvatsko planinarsko dru\u0161tvo Jankovac pozivaju sve zainteresirane na izlo\u017ebu Slavonijom &#8220;ZBRDA-ZDOLA&#8221; koja se odr\u017eava u Gradskoj i sveu\u010dili\u0161noj knji\u017enici Osijek, ulica Europske avenije 24 (1. kat) sa po\u010detkom u 18:00 sati. Posjet izlo\u017ebi na kojoj planinari prirodu doti\u010du ne samo okom nego i fotoaparatom biti \u0107e omogu\u0107en svakog dana od 08:00 [&hellip;]<\/p>\n","protected":false},"author":1,"featured_media":0,"comment_status":"closed","ping_status":"open","sticky":false,"template":"","format":"standard","meta":{"_et_pb_use_builder":"on","_et_pb_old_content":"","_et_gb_content_width":"1080","footnotes":""},"categories":[28],"tags":[],"class_list":["post-2191","post","type-post","status-publish","format-standard","hentry","category-28"],"_links":{"self":[{"href":"https:\/\/www.slavonski-planinari.hr\/arhiva\/wp-json\/wp\/v2\/posts\/2191","targetHints":{"allow":["GET"]}}],"collection":[{"href":"https:\/\/www.slavonski-planinari.hr\/arhiva\/wp-json\/wp\/v2\/posts"}],"about":[{"href":"https:\/\/www.slavonski-planinari.hr\/arhiva\/wp-json\/wp\/v2\/types\/post"}],"author":[{"embeddable":true,"href":"https:\/\/www.slavonski-planinari.hr\/arhiva\/wp-json\/wp\/v2\/users\/1"}],"replies":[{"embeddable":true,"href":"https:\/\/www.slavonski-planinari.hr\/arhiva\/wp-json\/wp\/v2\/comments?post=2191"}],"version-history":[{"count":0,"href":"https:\/\/www.slavonski-planinari.hr\/arhiva\/wp-json\/wp\/v2\/posts\/2191\/revisions"}],"wp:attachment":[{"href":"https:\/\/www.slavonski-planinari.hr\/arhiva\/wp-json\/wp\/v2\/media?parent=2191"}],"wp:term":[{"taxonomy":"category","embeddable":true,"href":"https:\/\/www.slavonski-planinari.hr\/arhiva\/wp-json\/wp\/v2\/categories?post=2191"},{"taxonomy":"post_tag","embeddable":true,"href":"https:\/\/www.slavonski-planinari.hr\/arhiva\/wp-json\/wp\/v2\/tags?post=2191"}],"curies":[{"name":"wp","href":"https:\/\/api.w.org\/{rel}","templated":true}]}}