{"id":2179,"date":"2014-09-08T13:49:00","date_gmt":"2014-09-08T12:49:00","guid":{"rendered":"https:\/\/www.slavonski-planinari.hr\/arhiva\/?p=2179"},"modified":"2023-01-04T13:56:50","modified_gmt":"2023-01-04T12:56:50","slug":"otvorena-planinarska-kuca-krndija","status":"publish","type":"post","link":"https:\/\/www.slavonski-planinari.hr\/arhiva\/otvorena-planinarska-kuca-krndija\/","title":{"rendered":"Otvorena planinarska ku\u0107a &#8220;Krndija&#8221;"},"content":{"rendered":"<p>[et_pb_section fb_built=&#8221;1&#8243; theme_builder_area=&#8221;post_content&#8221; _builder_version=&#8221;4.19.4&#8243; _module_preset=&#8221;default&#8221;][et_pb_row _builder_version=&#8221;4.19.4&#8243; _module_preset=&#8221;default&#8221; theme_builder_area=&#8221;post_content&#8221;][et_pb_column _builder_version=&#8221;4.19.4&#8243; _module_preset=&#8221;default&#8221; type=&#8221;4_4&#8243; theme_builder_area=&#8221;post_content&#8221;][et_pb_text _builder_version=&#8221;4.19.4&#8243; _module_preset=&#8221;default&#8221; theme_builder_area=&#8221;post_content&#8221; hover_enabled=&#8221;0&#8243; sticky_enabled=&#8221;0&#8243;]<\/p>\n<div class=\"itemIntroText\">\n<p lang=\"hr-HR\" align=\"JUSTIFY\" style=\"text-align: justify;\"><span><img loading=\"lazy\" decoding=\"async\" src=\"https:\/\/www.slavonski-planinari.hr\/arhiva\/wp-content\/uploads\/2023\/01\/od-vanjskog-izgleda-postaje-se-nije-smjelo-odstupati.jpg\" width=\"122\" height=\"91\" alt=\"\" class=\"wp-image-2182 alignleft size-full\" \/>Otvorena planinarska ku\u0107a &#8220;KRNDIJA&#8221; u prostoru biv\u0161e \u017dP Lond\u017eica<br \/><\/span><\/p>\n<p lang=\"hr-HR\" align=\"JUSTIFY\" style=\"text-align: justify;\"><span>U godini kad obilje\u017eavamo 140.-tu obljetnicu Hrvatskog planinarskog saveza, Planinarsko dru\u0161tvo \u201eKrndija\u201c iz Na\u0161ica i slu\u017ebeno je, dana 5. rujna 2014. godine, otvorilo vrata Planinarske ku\u0107e \u201eKrndija\u201c.<\/span><\/p>\n<\/div>\n<div class=\"itemFullText\">\n<p lang=\"hr-HR\" align=\"JUSTIFY\" style=\"text-align: justify;\">\n<p lang=\"hr-HR\" align=\"JUSTIFY\" style=\"text-align: justify;\"><span>Planinarska ku\u0107a nalazi se u mjestu Lond\u017eica, 10-tak km udaljena od Na\u0161ica, na nadmorskoj visini od 274 m. Za sada je ure\u0111ena jedna spavaonica, a namjera je u skoroj budu\u0107nosti, ovisno o financijskim mogu\u0107nostima, urediti i drugu spavaonicu i malu kuhinju.<\/span><\/p>\n<p align=\"JUSTIFY\" style=\"text-align: justify;\"><span><span lang=\"hr-HR\"> <img loading=\"lazy\" decoding=\"async\" src=\"https:\/\/www.slavonski-planinari.hr\/arhiva\/wp-content\/uploads\/2023\/01\/slubena-ploa.jpg\" width=\"800\" height=\"497\" alt=\"\" class=\"wp-image-2185 aligncenter size-full\" srcset=\"https:\/\/www.slavonski-planinari.hr\/arhiva\/wp-content\/uploads\/2023\/01\/slubena-ploa.jpg 800w, https:\/\/www.slavonski-planinari.hr\/arhiva\/wp-content\/uploads\/2023\/01\/slubena-ploa-480x298.jpg 480w\" sizes=\"(min-width: 0px) and (max-width: 480px) 480px, (min-width: 481px) 800px, 100vw\" \/><\/span><\/span><\/p>\n<p lang=\"hr-HR\" align=\"JUSTIFY\" style=\"text-align: justify;\"><span>Radovi na planinarskoj ku\u0107i zapo\u010deli su u lipnju mjesecu ove godine. Cijelo ljeto radilo se punim intenzitetom. Objekt je bio u izrazito lo\u0161em stanju. Radi se o zgradi staroj 120 godina koja je nekada slu\u017eila kao prostor \u017eeljezni\u010dke stanice, a dugi niz godina nije odr\u017eavana. Bilo je potrebno ulo\u017eiti mnogo truda da bi se prostor doveo u stanje prikladnim za prihvat i smje\u0161taj planinara. Krenulo se sa sanacijom podova, obnovljeni su prozori i vrata, obojana je fasada, ure\u0111ena unutra\u0161njost samog prostora, izra\u0111eno je i ne\u0161to namje\u0161taja. Tako su, nakon utro\u0161enog velikog broja radnih sati, brige, smijeha, veselja i na kraju ponosa, \u010dlanovi Planinarskog dru\u0161tva \u201eKrndija\u201c s projektom zvanim \u201ePlaninarska ku\u0107a Krndija\u201c do\u0161li su do one faze kad je ova skromna ku\u0107a postala dom na\u0161i\u010dkih planinara.<\/span><\/p>\n<p lang=\"hr-HR\" align=\"JUSTIFY\" style=\"text-align: justify;\"><span> <img loading=\"lazy\" decoding=\"async\" src=\"https:\/\/www.slavonski-planinari.hr\/arhiva\/wp-content\/uploads\/2023\/01\/na-jednoj-od-radnih-akcija.jpg\" width=\"800\" height=\"600\" alt=\"\" class=\"wp-image-2181 aligncenter size-full\" srcset=\"https:\/\/www.slavonski-planinari.hr\/arhiva\/wp-content\/uploads\/2023\/01\/na-jednoj-od-radnih-akcija.jpg 800w, https:\/\/www.slavonski-planinari.hr\/arhiva\/wp-content\/uploads\/2023\/01\/na-jednoj-od-radnih-akcija-480x360.jpg 480w\" sizes=\"(min-width: 0px) and (max-width: 480px) 480px, (min-width: 481px) 800px, 100vw\" \/><\/span><\/p>\n<p lang=\"hr-HR\" align=\"JUSTIFY\" style=\"text-align: justify;\"><span>Sve navedeno \u010dlanovi Pd Krndija ne bi mogli posti\u0107i da nije bilo i skromnih financijskih sredstava. Naime, ovog prolje\u0107a Pd Krndija javilo se na natje\u010daj koji je objavio Hrvatski planinarski savez. Nakon provedbe istog, ideja \u201eKrndija\u0161a\u201c bila je prepoznata, tako da je HPS financijski sudjelovao u adaptaciji Pl. ku\u0107e sa iznosom od 4.670,00 kuna. Nadalje, na\u0161i\u010dka NEXE grupa d.d. prepoznala je tako\u0111er vrijednost i zna\u010daj ovog projekta, te je pomogla doniraju\u0107i kerami\u010dke plo\u010dice. Cijelu pri\u010du financijski je pomogao i Grad Na\u0161ice. Ukupna vrijednost projekta procjenjuje se na iznos od cca 40.000,00 kuna.<\/span><\/p>\n<p lang=\"hr-HR\" align=\"JUSTIFY\" style=\"text-align: justify;\"><span> <img loading=\"lazy\" decoding=\"async\" src=\"https:\/\/www.slavonski-planinari.hr\/arhiva\/wp-content\/uploads\/2023\/01\/od-vanjskog-izgleda-postaje-se-nije-smjelo-odstupati.jpg\" width=\"960\" height=\"720\" alt=\"\" class=\"wp-image-2182 aligncenter size-full\" \/><\/span><\/p>\n<p align=\"JUSTIFY\" style=\"text-align: justify;\"><span>Va\u017eno je istaknuti da su \u010dlanovi Planinarskog dru\u0161tva \u201eKrndija\u201c izuzetno ponosni na svoj uspjeh, te sretni zbog \u010dinjenice da po prvi puta u 52 godine postojanja, dru\u0161tvo na upravljanju ima jedan planinarski objekt.<\/span><\/p>\n<p align=\"JUSTIFY\" style=\"text-align: justify;\"><span><span lang=\"hr-HR\"> <img loading=\"lazy\" decoding=\"async\" src=\"https:\/\/www.slavonski-planinari.hr\/arhiva\/wp-content\/uploads\/2023\/01\/okupljeni-uzvanici.jpg\" width=\"800\" height=\"534\" alt=\"\" class=\"wp-image-2183 aligncenter size-full\" srcset=\"https:\/\/www.slavonski-planinari.hr\/arhiva\/wp-content\/uploads\/2023\/01\/okupljeni-uzvanici.jpg 800w, https:\/\/www.slavonski-planinari.hr\/arhiva\/wp-content\/uploads\/2023\/01\/okupljeni-uzvanici-480x320.jpg 480w\" sizes=\"(min-width: 0px) and (max-width: 480px) 480px, (min-width: 481px) 800px, 100vw\" \/><\/span><\/span><\/p>\n<p lang=\"hr-HR\" align=\"JUSTIFY\" style=\"text-align: justify;\"><span>Slu\u017ebenom otvorenju nazo\u010dili su predstavnici planinarskih dru\u0161tava iz Hrvatske i Bosne i Hercegovine, Hrvatska gorska slu\u017eba spa\u0161avanja, predstavnici Slavonskog planinarskog saveza, a ku\u0107u je slu\u017ebeno otvorio na\u0161i\u010dki gradona\u010delnik, ujedno i dugogodi\u0161nji \u010dlan PD \u201eKrndija\u201c mr. Kre\u0161imir \u017dagar.<\/span><\/p>\n<p lang=\"hr-HR\" align=\"JUSTIFY\" style=\"text-align: justify;\"><span> <img loading=\"lazy\" decoding=\"async\" src=\"https:\/\/www.slavonski-planinari.hr\/arhiva\/wp-content\/uploads\/2023\/01\/ovdje-je-nekada-bila-ekaonica.jpg\" width=\"720\" height=\"480\" alt=\"\" class=\"wp-image-2184 aligncenter size-full\" srcset=\"https:\/\/www.slavonski-planinari.hr\/arhiva\/wp-content\/uploads\/2023\/01\/ovdje-je-nekada-bila-ekaonica.jpg 720w, https:\/\/www.slavonski-planinari.hr\/arhiva\/wp-content\/uploads\/2023\/01\/ovdje-je-nekada-bila-ekaonica-480x320.jpg 480w\" sizes=\"(min-width: 0px) and (max-width: 480px) 480px, (min-width: 481px) 720px, 100vw\" \/><\/span><\/p>\n<p lang=\"hr-HR\" align=\"JUSTIFY\" style=\"text-align: justify;\"><span>Ovom prilikom, u ime Upravnog odbora, veliko HVALA svim \u010dlanovima dru\u0161tva koji su marljivo radili cijelo ljeto, ulo\u017eili puno truda i slobodnog vremena kako bi se dovr\u0161ila adaptacija ku\u0107e, na radost i zadovoljstvo onih koji \u0107e pro\u0107i ovaj dio Krndije, a ponajvi\u0161e na\u0161i\u010dkih planinara.<\/span><\/p>\n<p lang=\"hr-HR\" align=\"JUSTIFY\" style=\"text-align: right;\">\u00a0<span>TAJNICA DRU\u0160TVA:<\/span><\/p>\n<p lang=\"hr-HR\" align=\"JUSTIFY\" style=\"text-align: right;\"><span>NATALI SIKORA<\/span><\/p>\n<\/div>\n<p>[\/et_pb_text][\/et_pb_column][\/et_pb_row][\/et_pb_section]<\/p>\n","protected":false},"excerpt":{"rendered":"<p>Otvorena planinarska ku\u0107a &#8220;KRNDIJA&#8221; u prostoru biv\u0161e \u017dP Lond\u017eica U godini kad obilje\u017eavamo 140.-tu obljetnicu Hrvatskog planinarskog saveza, Planinarsko dru\u0161tvo \u201eKrndija\u201c iz Na\u0161ica i slu\u017ebeno je, dana 5. rujna 2014. godine, otvorilo vrata Planinarske ku\u0107e \u201eKrndija\u201c. Planinarska ku\u0107a nalazi se u mjestu Lond\u017eica, 10-tak km udaljena od Na\u0161ica, na nadmorskoj visini od 274 m. Za [&hellip;]<\/p>\n","protected":false},"author":1,"featured_media":0,"comment_status":"closed","ping_status":"open","sticky":false,"template":"","format":"standard","meta":{"_et_pb_use_builder":"on","_et_pb_old_content":"","_et_gb_content_width":"1080","footnotes":""},"categories":[28],"tags":[],"class_list":["post-2179","post","type-post","status-publish","format-standard","hentry","category-28"],"_links":{"self":[{"href":"https:\/\/www.slavonski-planinari.hr\/arhiva\/wp-json\/wp\/v2\/posts\/2179","targetHints":{"allow":["GET"]}}],"collection":[{"href":"https:\/\/www.slavonski-planinari.hr\/arhiva\/wp-json\/wp\/v2\/posts"}],"about":[{"href":"https:\/\/www.slavonski-planinari.hr\/arhiva\/wp-json\/wp\/v2\/types\/post"}],"author":[{"embeddable":true,"href":"https:\/\/www.slavonski-planinari.hr\/arhiva\/wp-json\/wp\/v2\/users\/1"}],"replies":[{"embeddable":true,"href":"https:\/\/www.slavonski-planinari.hr\/arhiva\/wp-json\/wp\/v2\/comments?post=2179"}],"version-history":[{"count":0,"href":"https:\/\/www.slavonski-planinari.hr\/arhiva\/wp-json\/wp\/v2\/posts\/2179\/revisions"}],"wp:attachment":[{"href":"https:\/\/www.slavonski-planinari.hr\/arhiva\/wp-json\/wp\/v2\/media?parent=2179"}],"wp:term":[{"taxonomy":"category","embeddable":true,"href":"https:\/\/www.slavonski-planinari.hr\/arhiva\/wp-json\/wp\/v2\/categories?post=2179"},{"taxonomy":"post_tag","embeddable":true,"href":"https:\/\/www.slavonski-planinari.hr\/arhiva\/wp-json\/wp\/v2\/tags?post=2179"}],"curies":[{"name":"wp","href":"https:\/\/api.w.org\/{rel}","templated":true}]}}