{"id":2172,"date":"2014-09-02T13:43:00","date_gmt":"2014-09-02T12:43:00","guid":{"rendered":"https:\/\/www.slavonski-planinari.hr\/arhiva\/?p=2172"},"modified":"2023-01-04T13:48:59","modified_gmt":"2023-01-04T12:48:59","slug":"39-slet-planinara-slavonije","status":"publish","type":"post","link":"https:\/\/www.slavonski-planinari.hr\/arhiva\/39-slet-planinara-slavonije\/","title":{"rendered":"39. Slet planinara Slavonije"},"content":{"rendered":"<p>[et_pb_section fb_built=&#8221;1&#8243; theme_builder_area=&#8221;post_content&#8221; _builder_version=&#8221;4.19.4&#8243; _module_preset=&#8221;default&#8221;][et_pb_row _builder_version=&#8221;4.19.4&#8243; _module_preset=&#8221;default&#8221; theme_builder_area=&#8221;post_content&#8221;][et_pb_column _builder_version=&#8221;4.19.4&#8243; _module_preset=&#8221;default&#8221; type=&#8221;4_4&#8243; theme_builder_area=&#8221;post_content&#8221;][et_pb_text _builder_version=&#8221;4.19.4&#8243; _module_preset=&#8221;default&#8221; theme_builder_area=&#8221;post_content&#8221; hover_enabled=&#8221;0&#8243; sticky_enabled=&#8221;0&#8243;]<\/p>\n<div class=\"itemIntroText\">\n<p style=\"text-align: justify;\"><span>Ovogodi\u0161nji Slet planinara Slavonije odr\u017eava se, zbog primjedbi na dosada\u0161nji termin, ne\u0161to kasnije tj. 14.rujna 2014. kod planinarskog doma &#8220;\u0110uro Pilar&#8221; u Brodskom vinogorju.<\/span><\/p>\n<\/div>\n<div class=\"itemFullText\">\n<p style=\"text-align: justify;\"><span>Doma\u0107in je, naravno, PD &#8220;Dilj Gora&#8221; iz Slavonskog Broda koje slavi svoj veliki jubilej &#8211; 90 godina postojanja.\u00a0<\/span><\/p>\n<p style=\"text-align: justify;\"><span>Sva Slavonska planinarska dru\u0161tva su ve\u0107 ranije dobila po\u0161tom pozive i plakate a ovim putem jo\u0161 jednom podsje\u0107amo na na\u0161e glavno godi\u0161nje okupljanje.<\/span><\/p>\n<p style=\"text-align: justify;\"><span><img loading=\"lazy\" decoding=\"async\" src=\"https:\/\/www.slavonski-planinari.hr\/arhiva\/wp-content\/uploads\/2023\/01\/39slet_velika.jpg\" width=\"607\" height=\"299\" alt=\"\" class=\"wp-image-2177 aligncenter size-full\" srcset=\"https:\/\/www.slavonski-planinari.hr\/arhiva\/wp-content\/uploads\/2023\/01\/39slet_velika.jpg 607w, https:\/\/www.slavonski-planinari.hr\/arhiva\/wp-content\/uploads\/2023\/01\/39slet_velika-480x236.jpg 480w\" sizes=\"(min-width: 0px) and (max-width: 480px) 480px, (min-width: 481px) 607px, 100vw\" \/>\u00a0<\/span><\/p>\n<p style=\"text-align: justify;\"><span>Vi\u0161e informacija u\u00a0<a href=\"https:\/\/www.slavonski-planinari.hr\/arhiva\/wp-content\/uploads\/2023\/01\/39_slet.pdf\">prilogu<\/a>.<\/span><\/p>\n<p style=\"text-align: justify;\"><span><\/span><\/p>\n<\/div>\n<p>[\/et_pb_text][\/et_pb_column][\/et_pb_row][\/et_pb_section]<\/p>\n","protected":false},"excerpt":{"rendered":"<p>Ovogodi\u0161nji Slet planinara Slavonije odr\u017eava se, zbog primjedbi na dosada\u0161nji termin, ne\u0161to kasnije tj. 14.rujna 2014. kod planinarskog doma &#8220;\u0110uro Pilar&#8221; u Brodskom vinogorju. Doma\u0107in je, naravno, PD &#8220;Dilj Gora&#8221; iz Slavonskog Broda koje slavi svoj veliki jubilej &#8211; 90 godina postojanja.\u00a0 Sva Slavonska planinarska dru\u0161tva su ve\u0107 ranije dobila po\u0161tom pozive i plakate a [&hellip;]<\/p>\n","protected":false},"author":1,"featured_media":0,"comment_status":"closed","ping_status":"open","sticky":false,"template":"","format":"standard","meta":{"_et_pb_use_builder":"on","_et_pb_old_content":"","_et_gb_content_width":"1080","footnotes":""},"categories":[28],"tags":[],"class_list":["post-2172","post","type-post","status-publish","format-standard","hentry","category-28"],"_links":{"self":[{"href":"https:\/\/www.slavonski-planinari.hr\/arhiva\/wp-json\/wp\/v2\/posts\/2172","targetHints":{"allow":["GET"]}}],"collection":[{"href":"https:\/\/www.slavonski-planinari.hr\/arhiva\/wp-json\/wp\/v2\/posts"}],"about":[{"href":"https:\/\/www.slavonski-planinari.hr\/arhiva\/wp-json\/wp\/v2\/types\/post"}],"author":[{"embeddable":true,"href":"https:\/\/www.slavonski-planinari.hr\/arhiva\/wp-json\/wp\/v2\/users\/1"}],"replies":[{"embeddable":true,"href":"https:\/\/www.slavonski-planinari.hr\/arhiva\/wp-json\/wp\/v2\/comments?post=2172"}],"version-history":[{"count":0,"href":"https:\/\/www.slavonski-planinari.hr\/arhiva\/wp-json\/wp\/v2\/posts\/2172\/revisions"}],"wp:attachment":[{"href":"https:\/\/www.slavonski-planinari.hr\/arhiva\/wp-json\/wp\/v2\/media?parent=2172"}],"wp:term":[{"taxonomy":"category","embeddable":true,"href":"https:\/\/www.slavonski-planinari.hr\/arhiva\/wp-json\/wp\/v2\/categories?post=2172"},{"taxonomy":"post_tag","embeddable":true,"href":"https:\/\/www.slavonski-planinari.hr\/arhiva\/wp-json\/wp\/v2\/tags?post=2172"}],"curies":[{"name":"wp","href":"https:\/\/api.w.org\/{rel}","templated":true}]}}