{"id":2168,"date":"2014-09-02T13:31:00","date_gmt":"2014-09-02T12:31:00","guid":{"rendered":"https:\/\/www.slavonski-planinari.hr\/arhiva\/?p=2168"},"modified":"2023-01-04T13:45:41","modified_gmt":"2023-01-04T12:45:41","slug":"tragom-putopisa-julija-kempfa","status":"publish","type":"post","link":"https:\/\/www.slavonski-planinari.hr\/arhiva\/tragom-putopisa-julija-kempfa\/","title":{"rendered":"Tragom putopisa Julija Kempfa"},"content":{"rendered":"<p>[et_pb_section fb_built=&#8221;1&#8243; _builder_version=&#8221;4.19.4&#8243; _module_preset=&#8221;default&#8221; global_colors_info=&#8221;{}&#8221;][et_pb_row _builder_version=&#8221;4.19.4&#8243; _module_preset=&#8221;default&#8221; global_colors_info=&#8221;{}&#8221;][et_pb_column type=&#8221;4_4&#8243; _builder_version=&#8221;4.19.4&#8243; _module_preset=&#8221;default&#8221; global_colors_info=&#8221;{}&#8221;][et_pb_text _builder_version=&#8221;4.19.4&#8243; _module_preset=&#8221;default&#8221; hover_enabled=&#8221;0&#8243; global_colors_info=&#8221;{}&#8221; sticky_enabled=&#8221;0&#8243;]<\/p>\n<div class=\"itemIntroText\">\n<p style=\"text-align: justify;\"><span>U subotu, 6. rujna 2014. godine, HPD \u201eSokolovac\u201c Po\u017eega organizira tradicionalni izlet \u201eTragom putopisa Julija Kempfa\u201c.<\/span><\/p>\n<p style=\"text-align: justify;\"><span>Odredi\u0161te je Vrhova\u010dki grad, a za one kojima se manje hoda bit \u0107e veliko zadovoljstvo do\u0107i samo do Sokolovca i u\u017eivati u prekrasnom pogledu na Po\u017eegu i Zlatnu dolinu.\u00a0<\/span><\/p>\n<\/div>\n<div class=\"itemFullText\">\n<p style=\"text-align: justify;\"><span>Provedite prvu rujansku subotu u aktivnom odmoru i zabavi za svakoga po ne\u0161to.<\/span><\/p>\n<p style=\"text-align: justify;\"><img loading=\"lazy\" decoding=\"async\" src=\"https:\/\/www.slavonski-planinari.hr\/arhiva\/wp-content\/uploads\/2023\/01\/pod_Vrhovackim_gradom_velika.jpg\" width=\"607\" height=\"407\" alt=\"\" class=\"wp-image-2170 aligncenter size-full\" srcset=\"https:\/\/www.slavonski-planinari.hr\/arhiva\/wp-content\/uploads\/2023\/01\/pod_Vrhovackim_gradom_velika.jpg 607w, https:\/\/www.slavonski-planinari.hr\/arhiva\/wp-content\/uploads\/2023\/01\/pod_Vrhovackim_gradom_velika-480x322.jpg 480w\" sizes=\"(min-width: 0px) and (max-width: 480px) 480px, (min-width: 481px) 607px, 100vw\" \/><\/p>\n<p style=\"text-align: justify;\"><span>Vi\u0161e informacija u\u00a0<\/span><a href=\"https:\/\/www.slavonski-planinari.hr\/arhiva\/wp-content\/uploads\/2023\/01\/Tragom_putopisa_Julija_Kempfa.pdf\">prilogu<\/a><span>.<\/span><span><a href=\"https:\/\/www.slavonski-planinari.hr\/arhiva\/wp-content\/uploads\/2023\/01\/Tragom_putopisa_Julija_Kempfa.pdf\" rel=\"attachment wp-att-2173\"><\/a><\/span><\/p>\n<\/div>\n<p>[\/et_pb_text][\/et_pb_column][\/et_pb_row][\/et_pb_section]<\/p>\n","protected":false},"excerpt":{"rendered":"<p>U subotu, 6. rujna 2014. godine, HPD \u201eSokolovac\u201c Po\u017eega organizira tradicionalni izlet \u201eTragom putopisa Julija Kempfa\u201c. Odredi\u0161te je Vrhova\u010dki grad, a za one kojima se manje hoda bit \u0107e veliko zadovoljstvo do\u0107i samo do Sokolovca i u\u017eivati u prekrasnom pogledu na Po\u017eegu i Zlatnu dolinu.\u00a0 Provedite prvu rujansku subotu u aktivnom odmoru i zabavi za [&hellip;]<\/p>\n","protected":false},"author":1,"featured_media":0,"comment_status":"closed","ping_status":"open","sticky":false,"template":"","format":"standard","meta":{"_et_pb_use_builder":"on","_et_pb_old_content":"","_et_gb_content_width":"1080","footnotes":""},"categories":[28],"tags":[],"class_list":["post-2168","post","type-post","status-publish","format-standard","hentry","category-28"],"_links":{"self":[{"href":"https:\/\/www.slavonski-planinari.hr\/arhiva\/wp-json\/wp\/v2\/posts\/2168","targetHints":{"allow":["GET"]}}],"collection":[{"href":"https:\/\/www.slavonski-planinari.hr\/arhiva\/wp-json\/wp\/v2\/posts"}],"about":[{"href":"https:\/\/www.slavonski-planinari.hr\/arhiva\/wp-json\/wp\/v2\/types\/post"}],"author":[{"embeddable":true,"href":"https:\/\/www.slavonski-planinari.hr\/arhiva\/wp-json\/wp\/v2\/users\/1"}],"replies":[{"embeddable":true,"href":"https:\/\/www.slavonski-planinari.hr\/arhiva\/wp-json\/wp\/v2\/comments?post=2168"}],"version-history":[{"count":0,"href":"https:\/\/www.slavonski-planinari.hr\/arhiva\/wp-json\/wp\/v2\/posts\/2168\/revisions"}],"wp:attachment":[{"href":"https:\/\/www.slavonski-planinari.hr\/arhiva\/wp-json\/wp\/v2\/media?parent=2168"}],"wp:term":[{"taxonomy":"category","embeddable":true,"href":"https:\/\/www.slavonski-planinari.hr\/arhiva\/wp-json\/wp\/v2\/categories?post=2168"},{"taxonomy":"post_tag","embeddable":true,"href":"https:\/\/www.slavonski-planinari.hr\/arhiva\/wp-json\/wp\/v2\/tags?post=2168"}],"curies":[{"name":"wp","href":"https:\/\/api.w.org\/{rel}","templated":true}]}}