{"id":2163,"date":"2014-08-06T13:21:00","date_gmt":"2014-08-06T12:21:00","guid":{"rendered":"https:\/\/www.slavonski-planinari.hr\/arhiva\/?p=2163"},"modified":"2023-01-04T13:24:33","modified_gmt":"2023-01-04T12:24:33","slug":"in-memoriam-antun-racki-dida","status":"publish","type":"post","link":"https:\/\/www.slavonski-planinari.hr\/arhiva\/in-memoriam-antun-racki-dida\/","title":{"rendered":"In memoriam &#8211; Antun Ra\u010dki &#8211; dida"},"content":{"rendered":"<p>[et_pb_section fb_built=&#8221;1&#8243; theme_builder_area=&#8221;post_content&#8221; _builder_version=&#8221;4.19.4&#8243; _module_preset=&#8221;default&#8221;][et_pb_row _builder_version=&#8221;4.19.4&#8243; _module_preset=&#8221;default&#8221; theme_builder_area=&#8221;post_content&#8221;][et_pb_column _builder_version=&#8221;4.19.4&#8243; _module_preset=&#8221;default&#8221; type=&#8221;4_4&#8243; theme_builder_area=&#8221;post_content&#8221;][et_pb_text _builder_version=&#8221;4.19.4&#8243; _module_preset=&#8221;default&#8221; theme_builder_area=&#8221;post_content&#8221; hover_enabled=&#8221;0&#8243; sticky_enabled=&#8221;0&#8243;]<\/p>\n<p style=\"text-align: justify;\"><img loading=\"lazy\" decoding=\"async\" src=\"https:\/\/www.slavonski-planinari.hr\/arhiva\/wp-content\/uploads\/2023\/01\/in_memoriam_antun_raki_dida_mala.jpg\" width=\"89\" height=\"60\" alt=\"\" class=\"wp-image-2165 alignleft size-full\" \/>Napustila nas je legenda slavonskog planinarstva Antun Ra\u010dki &#8211; dida (1927. &#8211; 2014.), neumoran hoda\u010d i jo\u0161 neumorniji plesa\u010d.<\/p>\n<p style=\"text-align: justify;\">\n<p style=\"text-align: justify;\">\n<p style=\"text-align: justify;\">\n<p style=\"text-align: justify;\"><span>Posljednji ispra\u0107aj pokojnika je 07. kolovoza 2014. godine (\u010detvrtak) na Centralnom groblju Osijek, u 12:00 sati.<\/span><\/p>\n<p style=\"text-align: justify;\"><span><\/span><\/p>\n<p style=\"text-align: justify;\"><span><img loading=\"lazy\" decoding=\"async\" src=\"https:\/\/www.slavonski-planinari.hr\/arhiva\/wp-content\/uploads\/2023\/01\/in_memoriam_antun_raki_dida_velika.jpg\" width=\"445\" height=\"569\" alt=\"\" class=\"wp-image-2166 aligncenter size-full\" srcset=\"https:\/\/www.slavonski-planinari.hr\/arhiva\/wp-content\/uploads\/2023\/01\/in_memoriam_antun_raki_dida_velika.jpg 445w, https:\/\/www.slavonski-planinari.hr\/arhiva\/wp-content\/uploads\/2023\/01\/in_memoriam_antun_raki_dida_velika-235x300.jpg 235w\" sizes=\"(max-width: 445px) 100vw, 445px\" \/><\/span><\/p>\n<p>[\/et_pb_text][\/et_pb_column][\/et_pb_row][\/et_pb_section]<\/p>\n","protected":false},"excerpt":{"rendered":"<p>Napustila nas je legenda slavonskog planinarstva Antun Ra\u010dki &#8211; dida (1927. &#8211; 2014.), neumoran hoda\u010d i jo\u0161 neumorniji plesa\u010d. Posljednji ispra\u0107aj pokojnika je 07. kolovoza 2014. godine (\u010detvrtak) na Centralnom groblju Osijek, u 12:00 sati.<\/p>\n","protected":false},"author":1,"featured_media":0,"comment_status":"closed","ping_status":"open","sticky":false,"template":"","format":"standard","meta":{"_et_pb_use_builder":"on","_et_pb_old_content":"","_et_gb_content_width":"1080","footnotes":""},"categories":[28],"tags":[],"class_list":["post-2163","post","type-post","status-publish","format-standard","hentry","category-28"],"_links":{"self":[{"href":"https:\/\/www.slavonski-planinari.hr\/arhiva\/wp-json\/wp\/v2\/posts\/2163","targetHints":{"allow":["GET"]}}],"collection":[{"href":"https:\/\/www.slavonski-planinari.hr\/arhiva\/wp-json\/wp\/v2\/posts"}],"about":[{"href":"https:\/\/www.slavonski-planinari.hr\/arhiva\/wp-json\/wp\/v2\/types\/post"}],"author":[{"embeddable":true,"href":"https:\/\/www.slavonski-planinari.hr\/arhiva\/wp-json\/wp\/v2\/users\/1"}],"replies":[{"embeddable":true,"href":"https:\/\/www.slavonski-planinari.hr\/arhiva\/wp-json\/wp\/v2\/comments?post=2163"}],"version-history":[{"count":0,"href":"https:\/\/www.slavonski-planinari.hr\/arhiva\/wp-json\/wp\/v2\/posts\/2163\/revisions"}],"wp:attachment":[{"href":"https:\/\/www.slavonski-planinari.hr\/arhiva\/wp-json\/wp\/v2\/media?parent=2163"}],"wp:term":[{"taxonomy":"category","embeddable":true,"href":"https:\/\/www.slavonski-planinari.hr\/arhiva\/wp-json\/wp\/v2\/categories?post=2163"},{"taxonomy":"post_tag","embeddable":true,"href":"https:\/\/www.slavonski-planinari.hr\/arhiva\/wp-json\/wp\/v2\/tags?post=2163"}],"curies":[{"name":"wp","href":"https:\/\/api.w.org\/{rel}","templated":true}]}}