{"id":2146,"date":"2014-06-04T13:11:00","date_gmt":"2014-06-04T12:11:00","guid":{"rendered":"https:\/\/www.slavonski-planinari.hr\/arhiva\/?p=2146"},"modified":"2023-01-04T13:12:40","modified_gmt":"2023-01-04T12:12:40","slug":"lipanj-u-lipiku-3","status":"publish","type":"post","link":"https:\/\/www.slavonski-planinari.hr\/arhiva\/lipanj-u-lipiku-3\/","title":{"rendered":"Lipanj u Lipiku"},"content":{"rendered":"<p>[et_pb_section fb_built=&#8221;1&#8243; theme_builder_area=&#8221;post_content&#8221; _builder_version=&#8221;4.19.4&#8243; _module_preset=&#8221;default&#8221;][et_pb_row _builder_version=&#8221;4.19.4&#8243; _module_preset=&#8221;default&#8221; theme_builder_area=&#8221;post_content&#8221;][et_pb_column _builder_version=&#8221;4.19.4&#8243; _module_preset=&#8221;default&#8221; type=&#8221;4_4&#8243; theme_builder_area=&#8221;post_content&#8221;][et_pb_text _builder_version=&#8221;4.19.4&#8243; _module_preset=&#8221;default&#8221; theme_builder_area=&#8221;post_content&#8221; hover_enabled=&#8221;0&#8243; sticky_enabled=&#8221;0&#8243;]<\/p>\n<div class=\"itemIntroText\">\n<p style=\"text-align: justify;\"><img loading=\"lazy\" decoding=\"async\" src=\"https:\/\/www.slavonski-planinari.hr\/arhiva\/wp-content\/uploads\/2023\/01\/lipa_lipik.jpg\" width=\"114\" height=\"79\" alt=\"\" class=\"wp-image-1469 alignleft size-full\" srcset=\"https:\/\/www.slavonski-planinari.hr\/arhiva\/wp-content\/uploads\/2023\/01\/lipa_lipik.jpg 309w, https:\/\/www.slavonski-planinari.hr\/arhiva\/wp-content\/uploads\/2023\/01\/lipa_lipik-300x208.jpg 300w\" sizes=\"(max-width: 114px) 100vw, 114px\" \/>Pozivamo Vas na tradicionalno okupljanje planinara u nedjelju 15.06.2014. &#8211;\u00a0<span>Lipanj \u00a0u Lipiku.<\/span><span>\u00a0<\/span><\/p>\n<p style=\"text-align: justify;\"><span>Okupljanje u LIPIKU na glavnom trgu kod vodoskoka u 9 sati, p<\/span><span>olazak na pohod po Psunju u 9 i 30 sati.<\/span><\/p>\n<p style=\"text-align: justify;\"><span><\/span><\/p>\n<p style=\"text-align: justify;\"><span><\/span><\/p>\n<\/div>\n<div class=\"itemFullText\">\n<p style=\"text-align: justify;\">\n<ul style=\"text-align: justify;\">\n<li><span>prijevoz automobilima do sela Skenderovci \u00a0( 3km )<\/span><\/li>\n<li><span>laganim hodom preko livada do \u0160eovice, pa Cvijinom stazom do Krive breze, gdje \u0107e biti odmor uz gablec (kruh i mast) i dalje preko Begova\u010de kroz \u0161umu sve do izvora To\u010dak. Ukupno 3 sata laganog hoda.<\/span><\/li>\n<\/ul>\n<p style=\"text-align: justify;\">Na izvoru \u0107e biti dru\u017eenje uz muziku i ru\u010dak: slavonski kotli\u0107 i pastrve na \u017earu, po cijeni od 30kn<\/p>\n<p style=\"text-align: justify;\">Ovom prigodom \u0107emo sa po\u010detkom od 14 sati obilje\u017eiti 20 godi\u0161njicu na\u0161eg dru\u0161tva otvaranjem ku\u0107ice i ure\u0111enog okoli\u0161a za zajedni\u010dka dru\u017eenja.<\/p>\n<p style=\"text-align: justify;\"><span>Povratak:\u00a0<\/span><span>od izvora do Skenderovaca oko 30 min<\/span><\/p>\n<p style=\"text-align: justify;\"><span>Pozivamo nakon pohoda u novoure\u0111enu aleju kestenova u parku kod lje\u010dili\u0161ta \u00a0<\/span><span>na manifestaciju: zdravlje,rekreacija i zdrava prehrana sa po\u010detkom u 17:00h.<\/span><\/p>\n<p style=\"text-align: justify;\"><span>Molimo za ve\u0107e grupe da se jave 2 dana ranije radi osiguranja hrane za sve.<\/span><\/p>\n<p style=\"text-align: justify;\"><span>Informacije i prijave:<\/span><\/p>\n<ul>\n<li style=\"text-align: justify;\"><span>Vlasta \u0160epetavec &#8211; predsjednik 098-362181<\/span><\/li>\n<li style=\"text-align: justify;\">Josip \u0160uprina &#8211; tajnik 095-9004867 ili<span>\u00a0<\/span><span id=\"cloak7c72fbe589a489d3cf2256eb5ad026a1\"><a href=\"mailto:josip.suprina@gmail.com\">josip.suprina@gmail.com<\/a><\/span><\/li>\n<\/ul>\n<\/div>\n<p>[\/et_pb_text][\/et_pb_column][\/et_pb_row][\/et_pb_section]<\/p>\n","protected":false},"excerpt":{"rendered":"<p>Pozivamo Vas na tradicionalno okupljanje planinara u nedjelju 15.06.2014. &#8211;\u00a0Lipanj \u00a0u Lipiku.\u00a0 Okupljanje u LIPIKU na glavnom trgu kod vodoskoka u 9 sati, polazak na pohod po Psunju u 9 i 30 sati. prijevoz automobilima do sela Skenderovci \u00a0( 3km ) laganim hodom preko livada do \u0160eovice, pa Cvijinom stazom do Krive breze, gdje \u0107e [&hellip;]<\/p>\n","protected":false},"author":1,"featured_media":0,"comment_status":"closed","ping_status":"open","sticky":false,"template":"","format":"standard","meta":{"_et_pb_use_builder":"on","_et_pb_old_content":"","_et_gb_content_width":"1080","footnotes":""},"categories":[28],"tags":[],"class_list":["post-2146","post","type-post","status-publish","format-standard","hentry","category-28"],"_links":{"self":[{"href":"https:\/\/www.slavonski-planinari.hr\/arhiva\/wp-json\/wp\/v2\/posts\/2146","targetHints":{"allow":["GET"]}}],"collection":[{"href":"https:\/\/www.slavonski-planinari.hr\/arhiva\/wp-json\/wp\/v2\/posts"}],"about":[{"href":"https:\/\/www.slavonski-planinari.hr\/arhiva\/wp-json\/wp\/v2\/types\/post"}],"author":[{"embeddable":true,"href":"https:\/\/www.slavonski-planinari.hr\/arhiva\/wp-json\/wp\/v2\/users\/1"}],"replies":[{"embeddable":true,"href":"https:\/\/www.slavonski-planinari.hr\/arhiva\/wp-json\/wp\/v2\/comments?post=2146"}],"version-history":[{"count":0,"href":"https:\/\/www.slavonski-planinari.hr\/arhiva\/wp-json\/wp\/v2\/posts\/2146\/revisions"}],"wp:attachment":[{"href":"https:\/\/www.slavonski-planinari.hr\/arhiva\/wp-json\/wp\/v2\/media?parent=2146"}],"wp:term":[{"taxonomy":"category","embeddable":true,"href":"https:\/\/www.slavonski-planinari.hr\/arhiva\/wp-json\/wp\/v2\/categories?post=2146"},{"taxonomy":"post_tag","embeddable":true,"href":"https:\/\/www.slavonski-planinari.hr\/arhiva\/wp-json\/wp\/v2\/tags?post=2146"}],"curies":[{"name":"wp","href":"https:\/\/api.w.org\/{rel}","templated":true}]}}