{"id":2143,"date":"2014-06-04T13:09:00","date_gmt":"2014-06-04T12:09:00","guid":{"rendered":"https:\/\/www.slavonski-planinari.hr\/arhiva\/?p=2143"},"modified":"2023-07-04T12:24:01","modified_gmt":"2023-07-04T11:24:01","slug":"novi-termin-za-pohod-slavonskim-planinama","status":"publish","type":"post","link":"https:\/\/www.slavonski-planinari.hr\/arhiva\/novi-termin-za-pohod-slavonskim-planinama\/","title":{"rendered":"Novi termin za pohod slavonskim planinama"},"content":{"rendered":"<p>[et_pb_section fb_built=&#8221;1&#8243; _builder_version=&#8221;4.19.4&#8243; _module_preset=&#8221;default&#8221; custom_padding=&#8221;||293px|||&#8221; global_colors_info=&#8221;{}&#8221;][et_pb_row _builder_version=&#8221;4.19.4&#8243; _module_preset=&#8221;default&#8221; global_colors_info=&#8221;{}&#8221;][et_pb_column type=&#8221;4_4&#8243; _builder_version=&#8221;4.19.4&#8243; _module_preset=&#8221;default&#8221; global_colors_info=&#8221;{}&#8221;][et_pb_text _builder_version=&#8221;4.19.4&#8243; _module_preset=&#8221;default&#8221; global_colors_info=&#8221;{}&#8221;]<\/p>\n<div class=\"itemIntroText\">\n<p style=\"text-align: justify;\">Upravni odbor Slavonskog planinarskog saveza obavje\u0161tava da je novi termin odr\u017eavanja Pohoda Slavonskim planinama, dionica Krndija &#8211; 27.\/28. rujna 2014.\u00a0<\/p>\n<p style=\"text-align: justify;\"><span>U istom terminu se odr\u017eava Dan Krndije (svake godine na drugom mjestu) a doma\u0107in je HPD Sokol Feri\u010danci, uz tradicionalnu akciju Kroz \u0161ume i vinograde.<\/span><\/p>\n<\/div>\n<div class=\"itemFullText\">\n<p style=\"text-align: justify;\">\n<p style=\"text-align: justify;\"><span>Na taj na\u010din \u0107emo imati dvije neovisne akcije pod zajedni\u010dkim nazivnikom &#8211; Krndijom.<\/span><\/p>\n<p style=\"text-align: justify;\">Program Pohoda je isti kako je bio najavljen. Mogu\u0107e manje izmjene i dodaci biti \u0107e poznati i objavljeni krajem kolovoza.<\/p>\n<p style=\"text-align: justify;\">\n<p style=\"text-align: justify;\">\n<p style=\"text-align: justify;\">\n<p style=\"text-align: right;\">Predsjednik Otmar Tosenberger<\/p>\n<\/div>\n<p>[\/et_pb_text][\/et_pb_column][\/et_pb_row][\/et_pb_section]<\/p>\n","protected":false},"excerpt":{"rendered":"<p>Upravni odbor Slavonskog planinarskog saveza obavje\u0161tava da je novi termin odr\u017eavanja Pohoda Slavonskim planinama, dionica Krndija &#8211; 27.\/28. rujna 2014.\u00a0 U istom terminu se odr\u017eava Dan Krndije (svake godine na drugom mjestu) a doma\u0107in je HPD Sokol Feri\u010danci, uz tradicionalnu akciju Kroz \u0161ume i vinograde. Na taj na\u010din \u0107emo imati dvije neovisne akcije pod zajedni\u010dkim [&hellip;]<\/p>\n","protected":false},"author":1,"featured_media":0,"comment_status":"closed","ping_status":"open","sticky":false,"template":"","format":"standard","meta":{"_et_pb_use_builder":"on","_et_pb_old_content":"","_et_gb_content_width":"1080","footnotes":""},"categories":[28],"tags":[],"class_list":["post-2143","post","type-post","status-publish","format-standard","hentry","category-28"],"_links":{"self":[{"href":"https:\/\/www.slavonski-planinari.hr\/arhiva\/wp-json\/wp\/v2\/posts\/2143","targetHints":{"allow":["GET"]}}],"collection":[{"href":"https:\/\/www.slavonski-planinari.hr\/arhiva\/wp-json\/wp\/v2\/posts"}],"about":[{"href":"https:\/\/www.slavonski-planinari.hr\/arhiva\/wp-json\/wp\/v2\/types\/post"}],"author":[{"embeddable":true,"href":"https:\/\/www.slavonski-planinari.hr\/arhiva\/wp-json\/wp\/v2\/users\/1"}],"replies":[{"embeddable":true,"href":"https:\/\/www.slavonski-planinari.hr\/arhiva\/wp-json\/wp\/v2\/comments?post=2143"}],"version-history":[{"count":0,"href":"https:\/\/www.slavonski-planinari.hr\/arhiva\/wp-json\/wp\/v2\/posts\/2143\/revisions"}],"wp:attachment":[{"href":"https:\/\/www.slavonski-planinari.hr\/arhiva\/wp-json\/wp\/v2\/media?parent=2143"}],"wp:term":[{"taxonomy":"category","embeddable":true,"href":"https:\/\/www.slavonski-planinari.hr\/arhiva\/wp-json\/wp\/v2\/categories?post=2143"},{"taxonomy":"post_tag","embeddable":true,"href":"https:\/\/www.slavonski-planinari.hr\/arhiva\/wp-json\/wp\/v2\/tags?post=2143"}],"curies":[{"name":"wp","href":"https:\/\/api.w.org\/{rel}","templated":true}]}}