{"id":2126,"date":"2014-05-13T13:00:00","date_gmt":"2014-05-13T12:00:00","guid":{"rendered":"https:\/\/www.slavonski-planinari.hr\/arhiva\/?p=2126"},"modified":"2023-01-04T13:02:25","modified_gmt":"2023-01-04T12:02:25","slug":"susret-planinara-pjesnika-i-slikara-na-sovskom-jezeru","status":"publish","type":"post","link":"https:\/\/www.slavonski-planinari.hr\/arhiva\/susret-planinara-pjesnika-i-slikara-na-sovskom-jezeru\/","title":{"rendered":"\u201eSusret planinara pjesnika i slikara\u201c na Sovskom jezeru"},"content":{"rendered":"<p>[et_pb_section fb_built=&#8221;1&#8243; theme_builder_area=&#8221;post_content&#8221; _builder_version=&#8221;4.19.4&#8243; _module_preset=&#8221;default&#8221;][et_pb_row _builder_version=&#8221;4.19.4&#8243; _module_preset=&#8221;default&#8221; theme_builder_area=&#8221;post_content&#8221;][et_pb_column _builder_version=&#8221;4.19.4&#8243; _module_preset=&#8221;default&#8221; type=&#8221;4_4&#8243; theme_builder_area=&#8221;post_content&#8221;][et_pb_text _builder_version=&#8221;4.19.4&#8243; _module_preset=&#8221;default&#8221; theme_builder_area=&#8221;post_content&#8221; hover_enabled=&#8221;0&#8243; sticky_enabled=&#8221;0&#8243;]<\/p>\n<div class=\"itemIntroText\">\n<p style=\"text-align: justify;\"><img loading=\"lazy\" decoding=\"async\" src=\"https:\/\/www.slavonski-planinari.hr\/arhiva\/wp-content\/uploads\/2023\/01\/sovsko2.jpg\" width=\"98\" height=\"67\" alt=\"\" class=\"wp-image-2129 alignleft size-full\" \/>Po\u017ee\u0161ki planinari i ove godine organiziraju ve\u0107 tradicionalno dru\u017eenje planinara pjesnika i slikara na Sovskom jezeru. Okupljanje je predvi\u0111eno oko 10:00 sati.<\/p>\n<\/div>\n<div class=\"itemFullText\">\n<p style=\"text-align: justify;\">Recitiranje pjesama planinara pjesnika i u\u010denika, te predstavljanje slikarske kolonije zapo\u010det \u0107e u 12:00. Nakon predstavljanja pjesama slijedit \u0107e ru\u010dak. Posjetiteljima \u0107e biti ponu\u0111ene dvije izletni\u010dke staze.\u00a0<\/p>\n<p style=\"text-align: justify;\"><span>Pozivamo sva planinarska dru\u0161tva, planinare sklone pisanju i slikanju, ali i sve ljubitelje prirode i poezije da u nedjelju, 25. svibnja posjete Sovsko jezero.\u00a0<\/span><\/p>\n<p style=\"text-align: justify;\"><span><img loading=\"lazy\" decoding=\"async\" src=\"https:\/\/www.slavonski-planinari.hr\/arhiva\/wp-content\/uploads\/2023\/01\/sovsko1.jpg\" width=\"700\" height=\"437\" alt=\"\" class=\"wp-image-2128 aligncenter size-full\" srcset=\"https:\/\/www.slavonski-planinari.hr\/arhiva\/wp-content\/uploads\/2023\/01\/sovsko1.jpg 700w, https:\/\/www.slavonski-planinari.hr\/arhiva\/wp-content\/uploads\/2023\/01\/sovsko1-480x300.jpg 480w\" sizes=\"(min-width: 0px) and (max-width: 480px) 480px, (min-width: 481px) 700px, 100vw\" \/><\/span><\/p>\n<\/div>\n<p>[\/et_pb_text][\/et_pb_column][\/et_pb_row][\/et_pb_section]<\/p>\n","protected":false},"excerpt":{"rendered":"<p>Po\u017ee\u0161ki planinari i ove godine organiziraju ve\u0107 tradicionalno dru\u017eenje planinara pjesnika i slikara na Sovskom jezeru. Okupljanje je predvi\u0111eno oko 10:00 sati. Recitiranje pjesama planinara pjesnika i u\u010denika, te predstavljanje slikarske kolonije zapo\u010det \u0107e u 12:00. Nakon predstavljanja pjesama slijedit \u0107e ru\u010dak. Posjetiteljima \u0107e biti ponu\u0111ene dvije izletni\u010dke staze.\u00a0 Pozivamo sva planinarska dru\u0161tva, planinare sklone [&hellip;]<\/p>\n","protected":false},"author":1,"featured_media":0,"comment_status":"closed","ping_status":"open","sticky":false,"template":"","format":"standard","meta":{"_et_pb_use_builder":"on","_et_pb_old_content":"","_et_gb_content_width":"1080","footnotes":""},"categories":[28],"tags":[],"class_list":["post-2126","post","type-post","status-publish","format-standard","hentry","category-28"],"_links":{"self":[{"href":"https:\/\/www.slavonski-planinari.hr\/arhiva\/wp-json\/wp\/v2\/posts\/2126","targetHints":{"allow":["GET"]}}],"collection":[{"href":"https:\/\/www.slavonski-planinari.hr\/arhiva\/wp-json\/wp\/v2\/posts"}],"about":[{"href":"https:\/\/www.slavonski-planinari.hr\/arhiva\/wp-json\/wp\/v2\/types\/post"}],"author":[{"embeddable":true,"href":"https:\/\/www.slavonski-planinari.hr\/arhiva\/wp-json\/wp\/v2\/users\/1"}],"replies":[{"embeddable":true,"href":"https:\/\/www.slavonski-planinari.hr\/arhiva\/wp-json\/wp\/v2\/comments?post=2126"}],"version-history":[{"count":0,"href":"https:\/\/www.slavonski-planinari.hr\/arhiva\/wp-json\/wp\/v2\/posts\/2126\/revisions"}],"wp:attachment":[{"href":"https:\/\/www.slavonski-planinari.hr\/arhiva\/wp-json\/wp\/v2\/media?parent=2126"}],"wp:term":[{"taxonomy":"category","embeddable":true,"href":"https:\/\/www.slavonski-planinari.hr\/arhiva\/wp-json\/wp\/v2\/categories?post=2126"},{"taxonomy":"post_tag","embeddable":true,"href":"https:\/\/www.slavonski-planinari.hr\/arhiva\/wp-json\/wp\/v2\/tags?post=2126"}],"curies":[{"name":"wp","href":"https:\/\/api.w.org\/{rel}","templated":true}]}}