{"id":2114,"date":"2014-05-07T12:09:00","date_gmt":"2014-05-07T11:09:00","guid":{"rendered":"https:\/\/www.slavonski-planinari.hr\/arhiva\/?p=2114"},"modified":"2023-01-04T12:15:04","modified_gmt":"2023-01-04T11:15:04","slug":"pobjednici-1-2014","status":"publish","type":"post","link":"https:\/\/www.slavonski-planinari.hr\/arhiva\/pobjednici-1-2014\/","title":{"rendered":"Pobjednici 1\/2014."},"content":{"rendered":"<p>[et_pb_section fb_built=&#8221;1&#8243; theme_builder_area=&#8221;post_content&#8221; _builder_version=&#8221;4.19.4&#8243; _module_preset=&#8221;default&#8221;][et_pb_row _builder_version=&#8221;4.19.4&#8243; _module_preset=&#8221;default&#8221; theme_builder_area=&#8221;post_content&#8221;][et_pb_column _builder_version=&#8221;4.19.4&#8243; _module_preset=&#8221;default&#8221; type=&#8221;4_4&#8243; theme_builder_area=&#8221;post_content&#8221;][et_pb_text _builder_version=&#8221;4.19.4&#8243; _module_preset=&#8221;default&#8221; theme_builder_area=&#8221;post_content&#8221; hover_enabled=&#8221;0&#8243; sticky_enabled=&#8221;0&#8243;]<\/p>\n<p>Nagra\u0111ene fotografije i fotografije odabrane za izlaganje\u00a0<span>za temu 1\/2014:<\/span><\/p>\n<p style=\"text-align: center;\"><strong>NEBO NAD NAMA &#8211; OBLACI I DRUGE &#8220;NEBESKE&#8221; POJAVE IZ\u00a0<span>PLANINARSKE PERSPEKTIVE (IZNAD SLAVONSKIH GORA)<\/span><\/strong><\/p>\n<p><img loading=\"lazy\" decoding=\"async\" src=\"https:\/\/www.slavonski-planinari.hr\/arhiva\/wp-content\/uploads\/2023\/01\/digi1_2014.jpg\" width=\"726\" height=\"454\" alt=\"\" class=\"wp-image-2119 aligncenter size-full\" srcset=\"https:\/\/www.slavonski-planinari.hr\/arhiva\/wp-content\/uploads\/2023\/01\/digi1_2014.jpg 726w, https:\/\/www.slavonski-planinari.hr\/arhiva\/wp-content\/uploads\/2023\/01\/digi1_2014-480x300.jpg 480w\" sizes=\"(min-width: 0px) and (max-width: 480px) 480px, (min-width: 481px) 726px, 100vw\" \/><\/p>\n<p>U Osijeku, 06. svibnja 2014.g.<\/p>\n<p style=\"text-align: right;\"><span>Tajnik Festivala:\u00a0<\/span><span>Tihomir Kova\u010devi\u0107<\/span><\/p>\n<p><strong>1. Pogled na Panonsko more, Katarina Ru\u0161kan Simi\u0107, Pakrac<\/strong><\/p>\n<p><img loading=\"lazy\" decoding=\"async\" src=\"https:\/\/www.slavonski-planinari.hr\/arhiva\/wp-content\/uploads\/2023\/01\/digi1_1.jpg\" width=\"700\" height=\"467\" alt=\"\" class=\"wp-image-2116 aligncenter size-full\" srcset=\"https:\/\/www.slavonski-planinari.hr\/arhiva\/wp-content\/uploads\/2023\/01\/digi1_1.jpg 700w, https:\/\/www.slavonski-planinari.hr\/arhiva\/wp-content\/uploads\/2023\/01\/digi1_1-480x320.jpg 480w\" sizes=\"(min-width: 0px) and (max-width: 480px) 480px, (min-width: 481px) 700px, 100vw\" \/><\/p>\n<p>&nbsp;<\/p>\n<p><strong>2. Dinosaur, \u017deljko Car, \u0110ur\u0111evac<\/strong><\/p>\n<p><img loading=\"lazy\" decoding=\"async\" src=\"https:\/\/www.slavonski-planinari.hr\/arhiva\/wp-content\/uploads\/2023\/01\/digi1_2.jpg\" width=\"700\" height=\"467\" alt=\"\" class=\"wp-image-2117 aligncenter size-full\" srcset=\"https:\/\/www.slavonski-planinari.hr\/arhiva\/wp-content\/uploads\/2023\/01\/digi1_2.jpg 700w, https:\/\/www.slavonski-planinari.hr\/arhiva\/wp-content\/uploads\/2023\/01\/digi1_2-480x320.jpg 480w\" sizes=\"(min-width: 0px) and (max-width: 480px) 480px, (min-width: 481px) 700px, 100vw\" \/><\/p>\n<p><strong>3.\u00a0Duga nad Orahovicom, Josip Ledin\u0161\u0107ak, Na\u0161ice<\/strong><\/p>\n<p><img loading=\"lazy\" decoding=\"async\" src=\"https:\/\/www.slavonski-planinari.hr\/arhiva\/wp-content\/uploads\/2023\/01\/digi1_3.jpg\" width=\"700\" height=\"467\" alt=\"\" class=\"wp-image-2118 aligncenter size-full\" srcset=\"https:\/\/www.slavonski-planinari.hr\/arhiva\/wp-content\/uploads\/2023\/01\/digi1_3.jpg 700w, https:\/\/www.slavonski-planinari.hr\/arhiva\/wp-content\/uploads\/2023\/01\/digi1_3-480x320.jpg 480w\" sizes=\"(min-width: 0px) and (max-width: 480px) 480px, (min-width: 481px) 700px, 100vw\" \/><\/p>\n<p>[\/et_pb_text][\/et_pb_column][\/et_pb_row][\/et_pb_section]<\/p>\n","protected":false},"excerpt":{"rendered":"<p>Nagra\u0111ene fotografije i fotografije odabrane za izlaganje\u00a0za temu 1\/2014: NEBO NAD NAMA &#8211; OBLACI I DRUGE &#8220;NEBESKE&#8221; POJAVE IZ\u00a0PLANINARSKE PERSPEKTIVE (IZNAD SLAVONSKIH GORA) U Osijeku, 06. svibnja 2014.g. Tajnik Festivala:\u00a0Tihomir Kova\u010devi\u0107 1. Pogled na Panonsko more, Katarina Ru\u0161kan Simi\u0107, Pakrac &nbsp; 2. Dinosaur, \u017deljko Car, \u0110ur\u0111evac 3.\u00a0Duga nad Orahovicom, Josip Ledin\u0161\u0107ak, Na\u0161ice<\/p>\n","protected":false},"author":1,"featured_media":0,"comment_status":"closed","ping_status":"open","sticky":false,"template":"","format":"standard","meta":{"_et_pb_use_builder":"on","_et_pb_old_content":"","_et_gb_content_width":"1080","footnotes":""},"categories":[28],"tags":[],"class_list":["post-2114","post","type-post","status-publish","format-standard","hentry","category-28"],"_links":{"self":[{"href":"https:\/\/www.slavonski-planinari.hr\/arhiva\/wp-json\/wp\/v2\/posts\/2114","targetHints":{"allow":["GET"]}}],"collection":[{"href":"https:\/\/www.slavonski-planinari.hr\/arhiva\/wp-json\/wp\/v2\/posts"}],"about":[{"href":"https:\/\/www.slavonski-planinari.hr\/arhiva\/wp-json\/wp\/v2\/types\/post"}],"author":[{"embeddable":true,"href":"https:\/\/www.slavonski-planinari.hr\/arhiva\/wp-json\/wp\/v2\/users\/1"}],"replies":[{"embeddable":true,"href":"https:\/\/www.slavonski-planinari.hr\/arhiva\/wp-json\/wp\/v2\/comments?post=2114"}],"version-history":[{"count":0,"href":"https:\/\/www.slavonski-planinari.hr\/arhiva\/wp-json\/wp\/v2\/posts\/2114\/revisions"}],"wp:attachment":[{"href":"https:\/\/www.slavonski-planinari.hr\/arhiva\/wp-json\/wp\/v2\/media?parent=2114"}],"wp:term":[{"taxonomy":"category","embeddable":true,"href":"https:\/\/www.slavonski-planinari.hr\/arhiva\/wp-json\/wp\/v2\/categories?post=2114"},{"taxonomy":"post_tag","embeddable":true,"href":"https:\/\/www.slavonski-planinari.hr\/arhiva\/wp-json\/wp\/v2\/tags?post=2114"}],"curies":[{"name":"wp","href":"https:\/\/api.w.org\/{rel}","templated":true}]}}