{"id":2087,"date":"2014-04-25T11:26:00","date_gmt":"2014-04-25T10:26:00","guid":{"rendered":"https:\/\/www.slavonski-planinari.hr\/arhiva\/?p=2087"},"modified":"2023-01-04T11:30:48","modified_gmt":"2023-01-04T10:30:48","slug":"spomen-dnevnik-pohoda-jesen-na-dilju-prezdanak-cardak","status":"publish","type":"post","link":"https:\/\/www.slavonski-planinari.hr\/arhiva\/spomen-dnevnik-pohoda-jesen-na-dilju-prezdanak-cardak\/","title":{"rendered":"Spomen dnevnik pohoda &#8220;Jesen na Dilju&#8221; Prezdanak-\u010cardak"},"content":{"rendered":"<p>[et_pb_section fb_built=&#8221;1&#8243; theme_builder_area=&#8221;post_content&#8221; _builder_version=&#8221;4.19.4&#8243; _module_preset=&#8221;default&#8221;][et_pb_row _builder_version=&#8221;4.19.4&#8243; _module_preset=&#8221;default&#8221; theme_builder_area=&#8221;post_content&#8221;][et_pb_column _builder_version=&#8221;4.19.4&#8243; _module_preset=&#8221;default&#8221; type=&#8221;4_4&#8243; theme_builder_area=&#8221;post_content&#8221;][et_pb_text _builder_version=&#8221;4.19.4&#8243; _module_preset=&#8221;default&#8221; theme_builder_area=&#8221;post_content&#8221; hover_enabled=&#8221;0&#8243; sticky_enabled=&#8221;0&#8243;]<\/p>\n<p style=\"text-align: justify;\">Planinarski Pohod Prezdanak-\u010cardak, tradicionalna je planinarska manifestacija (sedamnaesta po redu odr\u017eana je 17.11.2013. godine) koju organizira HPD Tikvica iz \u017dupanje, a zapo\u010deta je 30.11.1997. godine pod nazivom \u201eSkup markacista Dilja\u201c. I stvarno je to u po\u010detku bilo hodanje, dru\u017eenje i razgovaranje o planinarskim putovima Dilja. Na prvom takvom skupu bilo nas je 35 planinara iz 4 planinarska dru\u0161tva. Osim doma\u0107ina \u201eTikvice\u201c, tu su jo\u0161 bili planinari iz \u201eZanatlije\u201c Osijek, \u201eDilj gore\u201c Slavonski Brod i \u201eKlikuna\u201c Pleternica. Do sada najve\u0107i broj prisutnih okupio se na 6. Pohodu kada nas je bilo oko 350 planinara iz Hrvatske i Bosne i Hercegovine. Na 17. Pohodu bilo nas je 250 planinara iz 17 planinarskih udruga. Ime manifestacije promijenili smo zato jer je to preraslo u ne\u0161to vi\u0161e od prvobitno zami\u0161ljenog okupljanja markacista. Danas markacisti imaju svoje okupljanje u okrilju Slavonskog planinarskog saveza, pa je normalno da smo se odlu\u010dili na promjenu i namjenu ove manifestacije koja je dobila novo ime i dnevnik pohoda: \u201eJesen na Dilju, pohod Prezdanak-\u010cardak\u201c. O proteklih 16 pohoda odr\u017eanih na Grabovcu (2 puta) i Prezdanku (14 puta), postavili smo i malu retrospektivnu foto-izlo\u017ebu (sa 4 okvira i 27 fotografija) u prirodi. Pozdravni govor gostima odr\u017eao je predsjednik dru\u0161tva Ratko Zovki\u0107. Novi dnevnik pohoda predstavio je predsjednik SPS-a Otmar Tosenberger, a o pohodnoj stazi govorio je Berislav Tkalac. Dnevnik pohoda i nove naljepnice \u0161tampane se u potpunosti potporom na\u0161eg \u010dlana Vlade Matanovi\u0107a. Najzaslu\u017eniji za odli\u010dnu organizaciju skupa je tajnik dru\u0161tva Marko Miki\u0107. Osnovna trasa Pohoda ide od izleti\u0161ta Prezdanak do vrha \u010cardaka i nazad istim putom, i traje oko 3,5 sata laganog hoda. Za one koji \u017eele vi\u0161e hodati organizira se dodatna ruta sa vodi\u010dem. Planinarima koji budu prisutni na \u010detiri Pohoda i doka\u017eu to otisnutim pe\u010datima sa KT 1 Prezdanak i KT 2 \u010cardak, dodjeljuje se zna\u010dka i pohvala za sudjelovanje na \u010detiri Pohoda.\u00a0<\/p>\n<p style=\"text-align: justify;\"><em>Za web stranicu SPS-a, Berislav Tkalac, HPD \u201eTikvica\u201c \u017dupanja.\u00a0<\/em><\/p>\n<p style=\"text-align: justify;\"><em><img loading=\"lazy\" decoding=\"async\" src=\"https:\/\/www.slavonski-planinari.hr\/arhiva\/wp-content\/uploads\/2023\/01\/dnevnici_cardak1.jpg\" width=\"595\" height=\"768\" alt=\"\" class=\"wp-image-2089 aligncenter size-full\" srcset=\"https:\/\/www.slavonski-planinari.hr\/arhiva\/wp-content\/uploads\/2023\/01\/dnevnici_cardak1.jpg 595w, https:\/\/www.slavonski-planinari.hr\/arhiva\/wp-content\/uploads\/2023\/01\/dnevnici_cardak1-480x620.jpg 480w\" sizes=\"(min-width: 0px) and (max-width: 480px) 480px, (min-width: 481px) 595px, 100vw\" \/><\/em><\/p>\n<p style=\"text-align: justify;\"><em><img loading=\"lazy\" decoding=\"async\" src=\"https:\/\/www.slavonski-planinari.hr\/arhiva\/wp-content\/uploads\/2023\/01\/dnevnici_cardak2.jpg\" width=\"700\" height=\"492\" alt=\"\" class=\"wp-image-2090 aligncenter size-full\" srcset=\"https:\/\/www.slavonski-planinari.hr\/arhiva\/wp-content\/uploads\/2023\/01\/dnevnici_cardak2.jpg 700w, https:\/\/www.slavonski-planinari.hr\/arhiva\/wp-content\/uploads\/2023\/01\/dnevnici_cardak2-480x337.jpg 480w\" sizes=\"(min-width: 0px) and (max-width: 480px) 480px, (min-width: 481px) 700px, 100vw\" \/><\/em><\/p>\n<p>[\/et_pb_text][\/et_pb_column][\/et_pb_row][\/et_pb_section]<\/p>\n","protected":false},"excerpt":{"rendered":"<p>Planinarski Pohod Prezdanak-\u010cardak, tradicionalna je planinarska manifestacija (sedamnaesta po redu odr\u017eana je 17.11.2013. godine) koju organizira HPD Tikvica iz \u017dupanje, a zapo\u010deta je 30.11.1997. godine pod nazivom \u201eSkup markacista Dilja\u201c. I stvarno je to u po\u010detku bilo hodanje, dru\u017eenje i razgovaranje o planinarskim putovima Dilja. Na prvom takvom skupu bilo nas je 35 planinara iz [&hellip;]<\/p>\n","protected":false},"author":1,"featured_media":0,"comment_status":"closed","ping_status":"open","sticky":false,"template":"","format":"standard","meta":{"_et_pb_use_builder":"on","_et_pb_old_content":"","_et_gb_content_width":"1080","footnotes":""},"categories":[28],"tags":[],"class_list":["post-2087","post","type-post","status-publish","format-standard","hentry","category-28"],"_links":{"self":[{"href":"https:\/\/www.slavonski-planinari.hr\/arhiva\/wp-json\/wp\/v2\/posts\/2087","targetHints":{"allow":["GET"]}}],"collection":[{"href":"https:\/\/www.slavonski-planinari.hr\/arhiva\/wp-json\/wp\/v2\/posts"}],"about":[{"href":"https:\/\/www.slavonski-planinari.hr\/arhiva\/wp-json\/wp\/v2\/types\/post"}],"author":[{"embeddable":true,"href":"https:\/\/www.slavonski-planinari.hr\/arhiva\/wp-json\/wp\/v2\/users\/1"}],"replies":[{"embeddable":true,"href":"https:\/\/www.slavonski-planinari.hr\/arhiva\/wp-json\/wp\/v2\/comments?post=2087"}],"version-history":[{"count":0,"href":"https:\/\/www.slavonski-planinari.hr\/arhiva\/wp-json\/wp\/v2\/posts\/2087\/revisions"}],"wp:attachment":[{"href":"https:\/\/www.slavonski-planinari.hr\/arhiva\/wp-json\/wp\/v2\/media?parent=2087"}],"wp:term":[{"taxonomy":"category","embeddable":true,"href":"https:\/\/www.slavonski-planinari.hr\/arhiva\/wp-json\/wp\/v2\/categories?post=2087"},{"taxonomy":"post_tag","embeddable":true,"href":"https:\/\/www.slavonski-planinari.hr\/arhiva\/wp-json\/wp\/v2\/tags?post=2087"}],"curies":[{"name":"wp","href":"https:\/\/api.w.org\/{rel}","templated":true}]}}