{"id":2042,"date":"2014-04-10T11:05:00","date_gmt":"2014-04-10T10:05:00","guid":{"rendered":"https:\/\/www.slavonski-planinari.hr\/arhiva\/?p=2042"},"modified":"2023-01-04T11:07:42","modified_gmt":"2023-01-04T10:07:42","slug":"diplomirani-planinari-iz-pakraca","status":"publish","type":"post","link":"https:\/\/www.slavonski-planinari.hr\/arhiva\/diplomirani-planinari-iz-pakraca\/","title":{"rendered":"Diplomirani planinari iz Pakraca"},"content":{"rendered":"<p>[et_pb_section fb_built=&#8221;1&#8243; theme_builder_area=&#8221;post_content&#8221; _builder_version=&#8221;4.19.4&#8243; _module_preset=&#8221;default&#8221;][et_pb_row _builder_version=&#8221;4.19.4&#8243; _module_preset=&#8221;default&#8221; theme_builder_area=&#8221;post_content&#8221;][et_pb_column _builder_version=&#8221;4.19.4&#8243; _module_preset=&#8221;default&#8221; type=&#8221;4_4&#8243; theme_builder_area=&#8221;post_content&#8221;][et_pb_text _builder_version=&#8221;4.19.4&#8243; _module_preset=&#8221;default&#8221; theme_builder_area=&#8221;post_content&#8221; hover_enabled=&#8221;0&#8243; sticky_enabled=&#8221;0&#8243;]<\/p>\n<div class=\"itemIntroText\">\n<p style=\"text-align: justify;\">\u201eOd danas smo diplomirani planinari\u201c, uzre\u010dica je koja se \u010desto spominjala protekle nedjelje u planinarskom domu Omanovac na Psunju, a razlog tome je \u0161to je 29 planinara zavr\u0161ilo op\u0107u planinarsku \u0161kolu koja je u organizaciji Planinarskog dru\u0161tva \u201ePsunj\u201c Pakrac i Slavonskog planinarskog saveza trajala od 8 o\u017eujka do 6. travnja.<\/p>\n<\/div>\n<div class=\"itemFullText\">\n<p style=\"text-align: justify;\"><span>Uz 24 \u010dlana PD \u201ePsunj\u201c, \u0161kolu je zavr\u0161ilo i dvoje planinara iz PD \u201eLipa\u201c Lipik te troje iz PD \u201eZmajevac\u201c Novska. Polaznici \u0161kole, koja se sastojala od teoretskog i prakti\u010dnog djela, odnosno predavanja i izleta, ovime su stekli osnovno znanje za sigurno i ugodno planinarenje.<\/span><\/p>\n<p style=\"text-align: justify;\"><span><img loading=\"lazy\" decoding=\"async\" src=\"https:\/\/www.slavonski-planinari.hr\/arhiva\/wp-content\/uploads\/2023\/01\/pakrac_skola1.jpg\" width=\"800\" height=\"600\" alt=\"\" class=\"wp-image-2044 aligncenter size-full\" srcset=\"https:\/\/www.slavonski-planinari.hr\/arhiva\/wp-content\/uploads\/2023\/01\/pakrac_skola1.jpg 800w, https:\/\/www.slavonski-planinari.hr\/arhiva\/wp-content\/uploads\/2023\/01\/pakrac_skola1-480x360.jpg 480w\" sizes=\"(min-width: 0px) and (max-width: 480px) 480px, (min-width: 481px) 800px, 100vw\" \/><\/span><\/p>\n<\/div>\n<p>[\/et_pb_text][\/et_pb_column][\/et_pb_row][\/et_pb_section]<\/p>\n","protected":false},"excerpt":{"rendered":"<p>\u201eOd danas smo diplomirani planinari\u201c, uzre\u010dica je koja se \u010desto spominjala protekle nedjelje u planinarskom domu Omanovac na Psunju, a razlog tome je \u0161to je 29 planinara zavr\u0161ilo op\u0107u planinarsku \u0161kolu koja je u organizaciji Planinarskog dru\u0161tva \u201ePsunj\u201c Pakrac i Slavonskog planinarskog saveza trajala od 8 o\u017eujka do 6. travnja. Uz 24 \u010dlana PD \u201ePsunj\u201c, [&hellip;]<\/p>\n","protected":false},"author":1,"featured_media":0,"comment_status":"closed","ping_status":"open","sticky":false,"template":"","format":"standard","meta":{"_et_pb_use_builder":"on","_et_pb_old_content":"","_et_gb_content_width":"1080","footnotes":""},"categories":[28],"tags":[],"class_list":["post-2042","post","type-post","status-publish","format-standard","hentry","category-28"],"_links":{"self":[{"href":"https:\/\/www.slavonski-planinari.hr\/arhiva\/wp-json\/wp\/v2\/posts\/2042","targetHints":{"allow":["GET"]}}],"collection":[{"href":"https:\/\/www.slavonski-planinari.hr\/arhiva\/wp-json\/wp\/v2\/posts"}],"about":[{"href":"https:\/\/www.slavonski-planinari.hr\/arhiva\/wp-json\/wp\/v2\/types\/post"}],"author":[{"embeddable":true,"href":"https:\/\/www.slavonski-planinari.hr\/arhiva\/wp-json\/wp\/v2\/users\/1"}],"replies":[{"embeddable":true,"href":"https:\/\/www.slavonski-planinari.hr\/arhiva\/wp-json\/wp\/v2\/comments?post=2042"}],"version-history":[{"count":0,"href":"https:\/\/www.slavonski-planinari.hr\/arhiva\/wp-json\/wp\/v2\/posts\/2042\/revisions"}],"wp:attachment":[{"href":"https:\/\/www.slavonski-planinari.hr\/arhiva\/wp-json\/wp\/v2\/media?parent=2042"}],"wp:term":[{"taxonomy":"category","embeddable":true,"href":"https:\/\/www.slavonski-planinari.hr\/arhiva\/wp-json\/wp\/v2\/categories?post=2042"},{"taxonomy":"post_tag","embeddable":true,"href":"https:\/\/www.slavonski-planinari.hr\/arhiva\/wp-json\/wp\/v2\/tags?post=2042"}],"curies":[{"name":"wp","href":"https:\/\/api.w.org\/{rel}","templated":true}]}}