{"id":2038,"date":"2014-04-08T11:00:00","date_gmt":"2014-04-08T10:00:00","guid":{"rendered":"https:\/\/www.slavonski-planinari.hr\/arhiva\/?p=2038"},"modified":"2023-01-04T11:02:19","modified_gmt":"2023-01-04T10:02:19","slug":"pd-lipa-lipik-od-osnivanja-do-danas-1994-2014","status":"publish","type":"post","link":"https:\/\/www.slavonski-planinari.hr\/arhiva\/pd-lipa-lipik-od-osnivanja-do-danas-1994-2014\/","title":{"rendered":"PD &#8221; LIPA &#8221; LIPIK od osnivanja do danas, 1994. \u2013 2014."},"content":{"rendered":"<p>[et_pb_section fb_built=&#8221;1&#8243; theme_builder_area=&#8221;post_content&#8221; _builder_version=&#8221;4.19.4&#8243; _module_preset=&#8221;default&#8221;][et_pb_row _builder_version=&#8221;4.19.4&#8243; _module_preset=&#8221;default&#8221; theme_builder_area=&#8221;post_content&#8221;][et_pb_column _builder_version=&#8221;4.19.4&#8243; _module_preset=&#8221;default&#8221; type=&#8221;4_4&#8243; theme_builder_area=&#8221;post_content&#8221;][et_pb_text _builder_version=&#8221;4.19.4&#8243; _module_preset=&#8221;default&#8221; theme_builder_area=&#8221;post_content&#8221; hover_enabled=&#8221;0&#8243; sticky_enabled=&#8221;0&#8243;]<\/p>\n<p style=\"text-align: justify;\"><span>Planinarsko dru\u0161tvo PD &#8220;Lipa&#8221; iz Lipika, osnovano je 19.05.1994. godine. U to vrijeme u obli\u017enjem Pakracu nije djelovalo PD &#8220;Psunj\u201c, dru\u0161tvo sa dugom planinarskom tradicijom. Prvih godina rada, dru\u0161tvo je brojalo preko 60 \u010dlanova. Ponovnim pokretanjem rada u PD Psunju (1996. godine) na\u0161 broj \u010dlanova se smanjio, i ustalio se na oko 25 \u010dlanova. Tako je bilo sve do 2009. godine kada dru\u0161tvu pristupa 20 novih planinara, pa tako dru\u0161tvo u zadnjih 5 godina broji oko 45 stalnih \u010dlanova, a 2013. godine broj se pove\u0107ao na 55. Do sada je u dru\u0161tvu bilo ukupno 162 \u010dlana.\u00a0<\/span><\/p>\n<p style=\"text-align: justify;\">Prvi organizirani izlet bio je 05.06.1994. na Jankovac. Ve\u0107 u 7. mjesecu iste godine 10 na\u0161ih \u010dlanova i\u0161lo je sa Daruvar\u010danima u Slova\u010dku na Visoke Tatre, a idu\u0107e godine u \u010ce\u0161ku na Krkono\u0161e. \u00a0 \u00a0 \u00a0 \u00a0 \u00a0 \u00a0 \u00a0\u00a0<\/p>\n<p style=\"text-align: justify;\">U proteklih 20 godina, osim obilazaka gotovo svih planina u Hrvatskoj, sudjelovali smo na svim sletovima u organizaciji SPS-a. Redovno smo pohodili i Dane hrvatskih planinara u organizaciji HPS-a. Pentrali smo se i u inozemstvu po Dolomitima, Alpama, Tatrama, Karpatima. Dva puta smo poku\u0161avali osvojiti i Mont Blanc. Bilo nas je po planinama Bosne i Hercegovine, Slovenije, \u010ce\u0161ke, Austrije, Italije, Francuske, Mad\u017earske, Rumunjske, a 2012. godine posjetili smo planine Ukrajine. U zadnjih 5 godina organiziramo godi\u0161nje preko 20 planinarskih izleta diljem Hrvatske. \u010clanovi na\u0161eg dru\u0161tva pohode Hrvatsku planinarsku obilaznicu, Slavonski planinarski put, kao i druge pl. obilaznice. Uz to, svaki slobodni vikend, kre\u0107emo sa tr\u017enice Lipik, u 9 sati na hodanje po Psunju. \u00a0<\/p>\n<p style=\"text-align: justify;\">Organizirali smo markiranje i \u010di\u0161\u0107enje starih i novih staza po Psunju i sudjelujemo u svim akcijama \u010di\u0161\u0107enja i sakupljanja otpada vezano uz Dan planeta zemlje i Dana \u010distog okoli\u0161a.<\/p>\n<p style=\"text-align: justify;\">07.10.1995. organizirali smo \u010di\u0161\u0107enje Lipika (park, bazeni, oko crkve i igrali\u0161ta). U akciji je sudjelovalo 320 planinara iz svih dru\u0161tava Slavonije. Zatim smo 2002. godine uredili i markirali nove staze po ju\u017enom dijelu otoka Bra\u010da od Nere\u017ei\u0161\u0107a, Milne do Vidove gore, Bola i Pustinje Blace. Inicirali smo 2004. godine izgradnju nadstre\u0161nice na Trome\u0111i (Vinja, Josip i \u017darko). \u00a0<\/p>\n<p style=\"text-align: justify;\">2002. g. izdali smo bro\u0161uru anegdota (50 strana) sa planinarskih dru\u017eenja autora Josipa \u0160uprine. \u00a02005. g. organizirali smo trotjednu izlo\u017ebu planinarske opreme, literature i fotografija.\u00a0<\/p>\n<p style=\"text-align: justify;\">2009. g. ponovili smo planinarsku izlo\u017ebu sa ve\u0107 navedenim sadr\u017eajem. \u00a0 \u00a0 \u00a0 \u00a0 \u00a0 \u00a0 \u00a0 \u00a0 \u00a0 \u00a0 \u00a0 \u00a0 \u00a0 \u00a0 \u00a0 \u00a0 \u00a0 \u00a0 \u00a0 \u00a0 \u00a0 \u00a0 \u00a0 \u00a0 \u00a0 \u00a0 \u00a0 \u00a0 \u00a0 \u00a0 \u00a0 \u00a0 \u00a0 \u00a0 \u00a0 \u00a0 \u00a0 \u00a0 \u00a0 \u00a0 \u00a0 \u00a0 \u00a0 \u00a0 \u00a0 \u00a0 \u00a0 \u00a0 \u00a0 \u00a0 \u00a0 \u00a0 \u00a0 \u00a0 \u00a0 \u00a0 \u00a0 \u00a0 \u00a0 \u00a0 \u00a0 \u00a0 \u00a0 \u00a0 \u00a0<\/p>\n<p style=\"text-align: justify;\">Bili smo 1997g. jedan od inicijatora i organizatora manifestacije \u201eLipanj u Lipiku\u201c, a svake godine tre\u0107eg vikenda u lipnju organiziramo okupljanje planinara Slavonije pod nazivom \u201eLipanj u Lipiku\u201c. U toku ovih 20 godina \u0161tampali smo preko 1000 majica sa natpisom \u201eLipik moj grad\u201c, koje se nose diljem Hrvatske, a 2008. godine za 33. Slet planinara Slavonije na Omanovcu i 600 majica za svakog sudionika u bijeloj boji, jer se Slet poklapao sa Olimpijskim danom.<\/p>\n<p style=\"text-align: justify;\">2009. g. kandidirali smo se na natje\u010daj Nacionalne zaklade Slagalica i dobili 15.000 kuna, koje smo utro\u0161ili za ure\u0111enje trim-prostora kod Pakre i ure\u0111enje staze-\u0161etnice do Skenderovaca.<\/p>\n<p style=\"text-align: justify;\">Od 2009. g. dobili smo na kori\u0161tenje u potkrovlju MKC-a dru\u0161tvenu prostoriju koju smo uredili u planinarskom stilu. Slu\u017ei nam za dru\u017eenja i odr\u017eavanje planinarskih sastanaka utorkom.<\/p>\n<p style=\"text-align: justify;\">2009. g. poveli smo preko 100 u\u010denika osnovnih \u0161kola Poljana i Lipik na Omanovac i 30 iz srednje \u0161kole Pakrac, a svake godine vodimo \u0161ti\u0107enike iz Doma za djecu i mlade\u017e Lipik.<\/p>\n<p style=\"text-align: justify;\">Od 2010. g. po\u010deli \u00a0smo sa ure\u0111enjem prostora oko izvora u Gagi\u0107ima. Postavljene su klupe, stolovi, ko\u0161evi za sme\u0107e i ro\u0161tilj. Ure\u0111ena je ku\u0107ica 4&#215;7 m, kao skloni\u0161te. Do tog prostora ure\u0111ena je i markirana staza u du\u017eini od 45 minuta hoda od asfaltirane ceste u selu Skenderovci. Od skloni\u0161ta do hrpta i dalje prema Begova\u010di, Velikoj glavici i Bijeloj stijeni markirana je nova planinarska staza.<\/p>\n<p style=\"text-align: justify;\">U dru\u0161tvu imamo \u0161kolovane markaciste i vodi\u010de:<\/p>\n<ul style=\"text-align: justify;\">\n<li><span>Markacisti: Vesna Tomi\u0107, Vinko Maro\u0161evi\u0107 i \u017darko Ro\u010dek.<\/span><\/li>\n<li><span>Vodi\u010di dru\u0161tvenih izleta: \u017deljko Toma\u0161evi\u0107, Josip Matijevi\u0107, Antun Ciglene\u010dki i Vjera Hlebec.\u00a0<\/span><\/li>\n<\/ul>\n<p style=\"text-align: justify;\">U radu HGSS-a sudjeluju: Vanja Biondi\u0107, Silvija Brki\u0107 i Bla\u0161ko Skender.\u00a0<\/p>\n<p style=\"text-align: justify;\">2013. godine organizirali smo Op\u0107u planinarsku \u0161kolu u suradnji sa Slavonskim planinarskim savezom po programu HPS-a. \u0160kolu je poha\u0111alo 28 kandidata, pa tako sada u dru\u0161tvu imamo 26 \u010dlana sa polo\u017eenom planinarskom \u0161kolom i \u201eDiplomom\u201c HPS-a.<\/p>\n<p style=\"text-align: justify;\"><span>\u010celnici udruge od osnivanja do danas:<\/span><\/p>\n<ul style=\"text-align: justify;\">\n<li><span>Predsjednik: \u00a0 \u00a0 \u00a0<\/span><\/li>\n<ul>\n<li><span>J<\/span><span>osip \u0160uprina \u00a0 \u00a0 \u00a0 \u00a0 \u00a01994-2009<\/span><\/li>\n<li><span>Vlasta \u0160epetavec \u00a0 \u00a0 2009-2013<\/span><\/li>\n<\/ul>\n<\/ul>\n<ul style=\"text-align: justify;\">\n<li><span>Dopredsjednik:<\/span><\/li>\n<ul>\n<li><span>\u017deljko Toma\u0161evi\u0107 \u00a0 \u00a02009-2013<\/span><\/li>\n<\/ul>\n<li><span>Tajnik: \u00a0 \u00a0 \u00a0 \u00a0 \u00a0 \u00a0 \u00a0<\/span><\/li>\n<ul>\n<li><span>Goran Nikles \u00a0 \u00a0 \u00a0 \u00a0 \u00a0 1994-2001<\/span><\/li>\n<li><span>Davor Maruki\u0107 \u00a0 \u00a0 \u00a0 \u00a02001-2009<\/span><\/li>\n<li><span>Josip \u0160uprina \u00a0 \u00a0 \u00a0 \u00a0 \u00a0 2009-2013<\/span><\/li>\n<\/ul>\n<\/ul>\n<ul style=\"text-align: justify;\">\n<li><span>Blagajnik: \u00a0 \u00a0 \u00a0 \u00a0 \u00a0<\/span><\/li>\n<ul>\n<li><span>\u0110ur\u0111ica Skender \u00a0 \u00a0 \u00a01994-1996<\/span><\/li>\n<li><span>Snje\u017eana Brajkovi\u0107 1996-2001<\/span><\/li>\n<li><span>Gordana \u00a0 Kuruc \u00a0 \u00a0 \u00a02001-2005<\/span><\/li>\n<li><span>Ljiljana Mojze\u0161 \u00a0 \u00a0 \u00a0 \u00a02005-2009<\/span><\/li>\n<li><span>\u00a0Manuela Lipu\u0161i\u0107 \u00a0 \u00a0 \u00a02009-2013<\/span><\/li>\n<\/ul>\n<\/ul>\n<ul style=\"text-align: justify;\">\n<li><span>Nadzorni odbor:<\/span><\/li>\n<ul>\n<li><span>Franciska Haramija, Gordana Kuruc, Mario \u010celec \u00a0od 1994 do 2013.<\/span><\/li>\n<\/ul>\n<li><span>Sud \u010dasti: \u00a0 \u00a0 \u00a0 \u00a0 \u00a0<\/span><\/li>\n<ul>\n<li><span>Otto Kraml, Antun Haramija, Dobrila \u0160uprina \u00a0 \u00a0 \u00a0 \u00a0 \u00a0od 1994 do 2013.<\/span><\/li>\n<\/ul>\n<\/ul>\n<p style=\"text-align: justify;\">\n<p style=\"text-align: justify;\">Zadnja izborna skup\u0161tina odr\u017eana je 27.02..2013.<\/p>\n<p style=\"text-align: justify;\">\n<p style=\"text-align: justify;\">\u010celnici udruge u mandatu 2013-2017:<\/p>\n<ul style=\"text-align: justify;\">\n<li><span>Predsjednik: Vlasta \u0160epetavec; 098\/362-181,\u00a0<span id=\"cloakbba6b463c747682fa1b56012bfb8a969\"><a href=\"mailto:vlasta.sepetavec@yahoo.com\">vlasta.sepetavec@yahoo.com<\/a><\/span>\u00a0<\/span><\/li>\n<li><span>Dopredsjednik: \u017deljko Toma\u0161evi\u0107<\/span><\/li>\n<li><span>Tajnik: Josip \u0160uprina; 095\/900-4867,\u00a0<span id=\"cloak3d8a6aa1b4b5fe4cee5ad25628bc7765\"><a href=\"mailto:josip.suprina@gmail.com\">josip.suprina@gmail.com<\/a><\/span>\u00a0<\/span><\/li>\n<li><span>Blagajnica: Manuela Lipu\u0161i\u0107<\/span><\/li>\n<li><span>Nadzorni odbor: Vesna Tomi\u0107, Darinka Milemdi, Vida Ili\u010di\u0107\u00a0<\/span><\/li>\n<li><span>Sud \u010dasti: Otto Kraml, Antun Haramija, Dobrila \u0160uprina<\/span><\/li>\n<\/ul>\n<p style=\"text-align: justify;\">\n<p style=\"text-align: justify;\">Kontakt:<\/p>\n<ul style=\"text-align: justify;\">\n<li><span>Adresa za po\u0161tu: 34551 Lipik, Slavonska 34<\/span><\/li>\n<li><span>E-mail:\u00a0<span id=\"cloak051deda51ee70cc430884497e02e4b63\"><a href=\"mailto:pdlipalipik@hotmail.com\">pdlipalipik@hotmail.com<\/a><\/span><\/span><\/li>\n<li><span>Web:\u00a0<span id=\"cloak67df78de08490502e8ab769f54a28041\"><a href=\"mailto:pdlipalipik@wordpresss.com\">pdlipalipik@wordpresss.com<\/a><\/span><\/span><\/li>\n<li><span>Mati\u010dni broj: 0716111<\/span><\/li>\n<li><span>\u017diro ra\u010dun: PBZ 2340009-1100089863<\/span><\/li>\n<li><span>Dru\u0161tvene prostorije: Multikulturalni centar Lipik, Slavonska 47<\/span><\/li>\n<\/ul>\n<p style=\"text-align: justify;\">\n<p style=\"text-align: right;\">U Lipiku, 27.02.2014. godine<br \/>Za PD Lipa Lipik, Josip \u0160uprina<\/p>\n<p>[\/et_pb_text][\/et_pb_column][\/et_pb_row][\/et_pb_section]<\/p>\n","protected":false},"excerpt":{"rendered":"<p>Planinarsko dru\u0161tvo PD &#8220;Lipa&#8221; iz Lipika, osnovano je 19.05.1994. godine. U to vrijeme u obli\u017enjem Pakracu nije djelovalo PD &#8220;Psunj\u201c, dru\u0161tvo sa dugom planinarskom tradicijom. Prvih godina rada, dru\u0161tvo je brojalo preko 60 \u010dlanova. Ponovnim pokretanjem rada u PD Psunju (1996. godine) na\u0161 broj \u010dlanova se smanjio, i ustalio se na oko 25 \u010dlanova. Tako [&hellip;]<\/p>\n","protected":false},"author":1,"featured_media":0,"comment_status":"closed","ping_status":"open","sticky":false,"template":"","format":"standard","meta":{"_et_pb_use_builder":"on","_et_pb_old_content":"","_et_gb_content_width":"1080","footnotes":""},"categories":[28],"tags":[],"class_list":["post-2038","post","type-post","status-publish","format-standard","hentry","category-28"],"_links":{"self":[{"href":"https:\/\/www.slavonski-planinari.hr\/arhiva\/wp-json\/wp\/v2\/posts\/2038","targetHints":{"allow":["GET"]}}],"collection":[{"href":"https:\/\/www.slavonski-planinari.hr\/arhiva\/wp-json\/wp\/v2\/posts"}],"about":[{"href":"https:\/\/www.slavonski-planinari.hr\/arhiva\/wp-json\/wp\/v2\/types\/post"}],"author":[{"embeddable":true,"href":"https:\/\/www.slavonski-planinari.hr\/arhiva\/wp-json\/wp\/v2\/users\/1"}],"replies":[{"embeddable":true,"href":"https:\/\/www.slavonski-planinari.hr\/arhiva\/wp-json\/wp\/v2\/comments?post=2038"}],"version-history":[{"count":0,"href":"https:\/\/www.slavonski-planinari.hr\/arhiva\/wp-json\/wp\/v2\/posts\/2038\/revisions"}],"wp:attachment":[{"href":"https:\/\/www.slavonski-planinari.hr\/arhiva\/wp-json\/wp\/v2\/media?parent=2038"}],"wp:term":[{"taxonomy":"category","embeddable":true,"href":"https:\/\/www.slavonski-planinari.hr\/arhiva\/wp-json\/wp\/v2\/categories?post=2038"},{"taxonomy":"post_tag","embeddable":true,"href":"https:\/\/www.slavonski-planinari.hr\/arhiva\/wp-json\/wp\/v2\/tags?post=2038"}],"curies":[{"name":"wp","href":"https:\/\/api.w.org\/{rel}","templated":true}]}}