{"id":2033,"date":"2014-04-01T10:39:00","date_gmt":"2014-04-01T09:39:00","guid":{"rendered":"https:\/\/www.slavonski-planinari.hr\/arhiva\/?p=2033"},"modified":"2023-01-04T10:41:47","modified_gmt":"2023-01-04T09:41:47","slug":"k2-trijumf-i-tragedija","status":"publish","type":"post","link":"https:\/\/www.slavonski-planinari.hr\/arhiva\/k2-trijumf-i-tragedija\/","title":{"rendered":"K2- trijumf i tragedija"},"content":{"rendered":"<p>[et_pb_section fb_built=&#8221;1&#8243; theme_builder_area=&#8221;post_content&#8221; _builder_version=&#8221;4.19.4&#8243; _module_preset=&#8221;default&#8221; custom_padding=&#8221;||435px|||&#8221;][et_pb_row _builder_version=&#8221;4.19.4&#8243; _module_preset=&#8221;default&#8221; theme_builder_area=&#8221;post_content&#8221;][et_pb_column _builder_version=&#8221;4.19.4&#8243; _module_preset=&#8221;default&#8221; type=&#8221;4_4&#8243; theme_builder_area=&#8221;post_content&#8221;][et_pb_text _builder_version=&#8221;4.19.4&#8243; _module_preset=&#8221;default&#8221; theme_builder_area=&#8221;post_content&#8221; hover_enabled=&#8221;0&#8243; sticky_enabled=&#8221;0&#8243;]<\/p>\n<div class=\"itemIntroText\">\n<p style=\"text-align: justify;\"><img loading=\"lazy\" decoding=\"async\" src=\"https:\/\/www.slavonski-planinari.hr\/arhiva\/wp-content\/uploads\/2023\/01\/k2_knjiga.jpg\" width=\"91\" height=\"65\" alt=\"\" class=\"wp-image-2035 alignleft size-full\" \/>Pozivamo planinare i sve koje zanimaju visokogorske pustolovine na promociju nove knjige najuspje\u0161nijeg hrvatskog alpinista Stipe Bo\u017ei\u0107a, &#8220;K2- trijumf i tragedija&#8221;.\u00a0<\/p>\n<\/div>\n<div class=\"itemFullText\">\n<p style=\"text-align: justify;\"><span>Promocija \u0107e se odr\u017eati u srijedu, 09.04.2014. u 19 sati u Gradskom kazalistu Po\u017eega. \u00a0Molimo Vas da o tome obavijestite prijatelje planinare i Va\u0161a planinarska dru\u0161tva.\u00a0<\/span><\/p>\n<p style=\"text-align: justify;\"><span><\/span><\/p>\n<p style=\"text-align: right;\"><span>Organizator Tomislav Gali\u0107, \u010dlan HGSS stanica Po\u017eega.<\/span><\/p>\n<\/div>\n<p>[\/et_pb_text][\/et_pb_column][\/et_pb_row][\/et_pb_section]<\/p>\n","protected":false},"excerpt":{"rendered":"<p>Pozivamo planinare i sve koje zanimaju visokogorske pustolovine na promociju nove knjige najuspje\u0161nijeg hrvatskog alpinista Stipe Bo\u017ei\u0107a, &#8220;K2- trijumf i tragedija&#8221;.\u00a0 Promocija \u0107e se odr\u017eati u srijedu, 09.04.2014. u 19 sati u Gradskom kazalistu Po\u017eega. \u00a0Molimo Vas da o tome obavijestite prijatelje planinare i Va\u0161a planinarska dru\u0161tva.\u00a0 Organizator Tomislav Gali\u0107, \u010dlan HGSS stanica Po\u017eega.<\/p>\n","protected":false},"author":1,"featured_media":0,"comment_status":"closed","ping_status":"open","sticky":false,"template":"","format":"standard","meta":{"_et_pb_use_builder":"on","_et_pb_old_content":"","_et_gb_content_width":"1080","footnotes":""},"categories":[28],"tags":[],"class_list":["post-2033","post","type-post","status-publish","format-standard","hentry","category-28"],"_links":{"self":[{"href":"https:\/\/www.slavonski-planinari.hr\/arhiva\/wp-json\/wp\/v2\/posts\/2033","targetHints":{"allow":["GET"]}}],"collection":[{"href":"https:\/\/www.slavonski-planinari.hr\/arhiva\/wp-json\/wp\/v2\/posts"}],"about":[{"href":"https:\/\/www.slavonski-planinari.hr\/arhiva\/wp-json\/wp\/v2\/types\/post"}],"author":[{"embeddable":true,"href":"https:\/\/www.slavonski-planinari.hr\/arhiva\/wp-json\/wp\/v2\/users\/1"}],"replies":[{"embeddable":true,"href":"https:\/\/www.slavonski-planinari.hr\/arhiva\/wp-json\/wp\/v2\/comments?post=2033"}],"version-history":[{"count":0,"href":"https:\/\/www.slavonski-planinari.hr\/arhiva\/wp-json\/wp\/v2\/posts\/2033\/revisions"}],"wp:attachment":[{"href":"https:\/\/www.slavonski-planinari.hr\/arhiva\/wp-json\/wp\/v2\/media?parent=2033"}],"wp:term":[{"taxonomy":"category","embeddable":true,"href":"https:\/\/www.slavonski-planinari.hr\/arhiva\/wp-json\/wp\/v2\/categories?post=2033"},{"taxonomy":"post_tag","embeddable":true,"href":"https:\/\/www.slavonski-planinari.hr\/arhiva\/wp-json\/wp\/v2\/tags?post=2033"}],"curies":[{"name":"wp","href":"https:\/\/api.w.org\/{rel}","templated":true}]}}