{"id":2014,"date":"2014-03-04T10:23:00","date_gmt":"2014-03-04T09:23:00","guid":{"rendered":"https:\/\/www.slavonski-planinari.hr\/arhiva\/?p=2014"},"modified":"2023-01-04T10:27:11","modified_gmt":"2023-01-04T09:27:11","slug":"odrzana-izborna-skupstina-sps","status":"publish","type":"post","link":"https:\/\/www.slavonski-planinari.hr\/arhiva\/odrzana-izborna-skupstina-sps\/","title":{"rendered":"Odr\u017eana Izborna Skup\u0161tina SPS"},"content":{"rendered":"<p>[et_pb_section fb_built=&#8221;1&#8243; theme_builder_area=&#8221;post_content&#8221; _builder_version=&#8221;4.19.4&#8243; _module_preset=&#8221;default&#8221;][et_pb_row _builder_version=&#8221;4.19.4&#8243; _module_preset=&#8221;default&#8221; theme_builder_area=&#8221;post_content&#8221;][et_pb_column _builder_version=&#8221;4.19.4&#8243; _module_preset=&#8221;default&#8221; type=&#8221;4_4&#8243; theme_builder_area=&#8221;post_content&#8221;][et_pb_text _builder_version=&#8221;4.19.4&#8243; _module_preset=&#8221;default&#8221; theme_builder_area=&#8221;post_content&#8221; hover_enabled=&#8221;0&#8243; sticky_enabled=&#8221;0&#8243;]<\/p>\n<div class=\"itemIntroText\">\n<p style=\"text-align: justify;\"><img loading=\"lazy\" decoding=\"async\" src=\"https:\/\/www.slavonski-planinari.hr\/arhiva\/wp-content\/uploads\/2023\/01\/radno-predsjednitvo.jpg\" width=\"100\" height=\"67\" alt=\"\" class=\"wp-image-2017 alignleft size-full\" \/>U subotu, 1.o\u017eujka 2014. odr\u017eana je Izborna Skup\u0161tina SPS u pl. domu \u0110uro Pilar u Brodskom Vinogorju.<\/p>\n<p style=\"text-align: justify;\"><span>Delegati su stigli iz 19 dru\u0161tava, 4 stanice HGSS i Stanica vodi\u010da Slavonija &#8211; ukupno 24 od 32 \u010dlanice od kojih su dvije nove: PD Alpino Slavonija iz Osijeka i HGSS stanica Sl.Brod.<\/span><\/p>\n<\/div>\n<div class=\"itemFullText\">\n<p style=\"text-align: justify;\">\n<p style=\"text-align: justify;\"><span>Kompletan zapisnik, kada bude dovr\u0161en i ovjeren, bit \u0107e objavljen na ovoj web stranici, zajedno sa svim va\u017enim dokumentima, organima upravljanja i komisijama u novom mandatu 2014.-2018.<\/span><\/p>\n<p style=\"text-align: center;\"><span><img loading=\"lazy\" decoding=\"async\" src=\"https:\/\/www.slavonski-planinari.hr\/arhiva\/wp-content\/uploads\/2023\/01\/delegati.jpg\" width=\"700\" height=\"324\" alt=\"\" class=\"wp-image-2018 aligncenter size-full\" srcset=\"https:\/\/www.slavonski-planinari.hr\/arhiva\/wp-content\/uploads\/2023\/01\/delegati.jpg 700w, https:\/\/www.slavonski-planinari.hr\/arhiva\/wp-content\/uploads\/2023\/01\/delegati-480x222.jpg 480w\" sizes=\"(min-width: 0px) and (max-width: 480px) 480px, (min-width: 481px) 700px, 100vw\" \/><br \/><em>Delegati<\/em><br \/><\/span><\/p>\n<p style=\"text-align: justify;\"><span>Za sada samo navodimo novi sastav Upravnog odbora:<\/span><\/p>\n<ul style=\"text-align: justify;\">\n<li><span>Predsjednik: Otmar Tosenberger &#8211; PD \u201e\u0110akovo\u201c<\/span><\/li>\n<li><span>Dopredsjednik: Vladimir Pavi\u010di\u0107 &#8211; HPD \u201eZanatlija\u201c Osijek<\/span><\/li>\n<li><span>Tajnik: Mila \u00a0Andri\u0107 &#8211; HPD Beli\u0161\u0107e, Beli\u0161\u0107e<\/span><\/li>\n<li><span>Blagajnik: Vesna \u00a0Ba\u0161aragin &#8211; HPD \u201eDirov brijeg\u201c Vinkovci<\/span><\/li>\n<\/ul>\n<p style=\"text-align: justify;\"><span>\u010clanovi:<\/span><\/p>\n<ul style=\"text-align: justify;\">\n<li><span>Darko Prusina &#8211; HPD \u201eZanatlija\u201c Osijek<\/span><\/li>\n<li><span>Anica Filipovi\u0107 &#8211; HPD \u201eBr\u0161ljan-Jankovac\u201c Osijek<\/span><\/li>\n<li><span>\u0110or\u0111e Bali\u0107 &#8211; HPD \u201eZanatlija\u201c Osijek<\/span><\/li>\n<li><span>Predrag Livak &#8211; HPD \u201eSokolovac\u201c Po\u017eega<\/span><\/li>\n<li><span>Danijel Mustafi\u0107 &#8211; Stanica vodi\u010da Slavonija<\/span><\/li>\n<\/ul>\n<p style=\"text-align: center;\"><span><img loading=\"lazy\" decoding=\"async\" src=\"https:\/\/www.slavonski-planinari.hr\/arhiva\/wp-content\/uploads\/2023\/01\/dodjela-priznanja-A-Petkovic.jpg\" width=\"700\" height=\"525\" alt=\"\" class=\"wp-image-2019 aligncenter size-full\" srcset=\"https:\/\/www.slavonski-planinari.hr\/arhiva\/wp-content\/uploads\/2023\/01\/dodjela-priznanja-A-Petkovic.jpg 700w, https:\/\/www.slavonski-planinari.hr\/arhiva\/wp-content\/uploads\/2023\/01\/dodjela-priznanja-A-Petkovic-480x360.jpg 480w\" sizes=\"(min-width: 0px) and (max-width: 480px) 480px, (min-width: 481px) 700px, 100vw\" \/><br \/><em>dodjela priznanja A Petkovi\u0107<\/em><\/span><\/p>\n<p style=\"text-align: justify;\"><span>Dodijeljena su i priznanja zaslu\u017enima od \u010dega izdvajamo dobitnike:<\/span><\/p>\n<p style=\"text-align: justify;\"><strong><span>priznanja Antun Petkovi\u0107:<\/span><\/strong><\/p>\n<ul style=\"text-align: justify;\">\n<li><span>HPD Dirov brijeg, Vinkovci<\/span><\/li>\n<li><span>Miroslav Mesi\u0107, HPD Klikun, Pleternica<\/span><\/li>\n<li><span>Slavko Pokorny, PD Petrov vrh, Daruvar<\/span><\/li>\n<li><span>Berislav Tkalac, HPD Tikvica \u017dupanja<\/span><\/li>\n<li><span>Otmar Tosenberger, PD \u0110akovo<\/span><\/li>\n<\/ul>\n<p style=\"text-align: justify;\">\n<p style=\"text-align: justify;\"><strong>Priznanje &#8220;Prijelazni pehar SPP&#8221;<\/strong>, kona\u010dno je dobilo svoje likovno utjelovljenje &#8211; ru\u010dno izra\u0111eni unikatni pehar od drva s kamenim podno\u017ejem. Autor je samouki umjetnik iz Donje Moti\u010dine, Tomislav Katavi\u0107.<\/p>\n<p style=\"text-align: justify;\"><img loading=\"lazy\" decoding=\"async\" src=\"https:\/\/www.slavonski-planinari.hr\/arhiva\/wp-content\/uploads\/2023\/01\/predstavljen-prijelazni-pehar-SPP.jpg\" width=\"425\" height=\"519\" alt=\"\" class=\"wp-image-2016 aligncenter size-full\" srcset=\"https:\/\/www.slavonski-planinari.hr\/arhiva\/wp-content\/uploads\/2023\/01\/predstavljen-prijelazni-pehar-SPP.jpg 425w, https:\/\/www.slavonski-planinari.hr\/arhiva\/wp-content\/uploads\/2023\/01\/predstavljen-prijelazni-pehar-SPP-246x300.jpg 246w\" sizes=\"(max-width: 425px) 100vw, 425px\" \/><\/p>\n<p style=\"text-align: center;\"><em>predstavljen prijelazni pehar SPP-a<\/em><\/p>\n<p style=\"text-align: justify;\">Po zavr\u0161etku slu\u017ebenog dijela slijedilo je dru\u017eenje uz domjenak i gledanje projekcije najboljih fotografija Digitalnog foto festivala Slavonijom Zbrda-zdola sezona 2013. Taj izbor \u0107e biti premijerno izlo\u017een 7.o\u017eujka u Novoj Gradi\u0161ki i dostupan za izlaganje u drugim sredinama.<\/p>\n<p style=\"text-align: right;\">O.T.<\/p>\n<\/div>\n<p>[\/et_pb_text][\/et_pb_column][\/et_pb_row][\/et_pb_section]<\/p>\n","protected":false},"excerpt":{"rendered":"<p>U subotu, 1.o\u017eujka 2014. odr\u017eana je Izborna Skup\u0161tina SPS u pl. domu \u0110uro Pilar u Brodskom Vinogorju. Delegati su stigli iz 19 dru\u0161tava, 4 stanice HGSS i Stanica vodi\u010da Slavonija &#8211; ukupno 24 od 32 \u010dlanice od kojih su dvije nove: PD Alpino Slavonija iz Osijeka i HGSS stanica Sl.Brod. Kompletan zapisnik, kada bude dovr\u0161en [&hellip;]<\/p>\n","protected":false},"author":1,"featured_media":0,"comment_status":"closed","ping_status":"open","sticky":false,"template":"","format":"standard","meta":{"_et_pb_use_builder":"on","_et_pb_old_content":"","_et_gb_content_width":"1080","footnotes":""},"categories":[28],"tags":[],"class_list":["post-2014","post","type-post","status-publish","format-standard","hentry","category-28"],"_links":{"self":[{"href":"https:\/\/www.slavonski-planinari.hr\/arhiva\/wp-json\/wp\/v2\/posts\/2014","targetHints":{"allow":["GET"]}}],"collection":[{"href":"https:\/\/www.slavonski-planinari.hr\/arhiva\/wp-json\/wp\/v2\/posts"}],"about":[{"href":"https:\/\/www.slavonski-planinari.hr\/arhiva\/wp-json\/wp\/v2\/types\/post"}],"author":[{"embeddable":true,"href":"https:\/\/www.slavonski-planinari.hr\/arhiva\/wp-json\/wp\/v2\/users\/1"}],"replies":[{"embeddable":true,"href":"https:\/\/www.slavonski-planinari.hr\/arhiva\/wp-json\/wp\/v2\/comments?post=2014"}],"version-history":[{"count":0,"href":"https:\/\/www.slavonski-planinari.hr\/arhiva\/wp-json\/wp\/v2\/posts\/2014\/revisions"}],"wp:attachment":[{"href":"https:\/\/www.slavonski-planinari.hr\/arhiva\/wp-json\/wp\/v2\/media?parent=2014"}],"wp:term":[{"taxonomy":"category","embeddable":true,"href":"https:\/\/www.slavonski-planinari.hr\/arhiva\/wp-json\/wp\/v2\/categories?post=2014"},{"taxonomy":"post_tag","embeddable":true,"href":"https:\/\/www.slavonski-planinari.hr\/arhiva\/wp-json\/wp\/v2\/tags?post=2014"}],"curies":[{"name":"wp","href":"https:\/\/api.w.org\/{rel}","templated":true}]}}