{"id":2010,"date":"2014-02-26T10:19:00","date_gmt":"2014-02-26T09:19:00","guid":{"rendered":"https:\/\/www.slavonski-planinari.hr\/arhiva\/?p=2010"},"modified":"2023-01-04T10:22:51","modified_gmt":"2023-01-04T09:22:51","slug":"pd-zmajevac-novska","status":"publish","type":"post","link":"https:\/\/www.slavonski-planinari.hr\/arhiva\/pd-zmajevac-novska\/","title":{"rendered":"PD Zmajevac, Novska"},"content":{"rendered":"<p>[et_pb_section fb_built=&#8221;1&#8243; theme_builder_area=&#8221;post_content&#8221; _builder_version=&#8221;4.19.4&#8243; _module_preset=&#8221;default&#8221;][et_pb_row _builder_version=&#8221;4.19.4&#8243; _module_preset=&#8221;default&#8221; theme_builder_area=&#8221;post_content&#8221;][et_pb_column _builder_version=&#8221;4.19.4&#8243; _module_preset=&#8221;default&#8221; type=&#8221;4_4&#8243; theme_builder_area=&#8221;post_content&#8221;][et_pb_text _builder_version=&#8221;4.19.4&#8243; _module_preset=&#8221;default&#8221; theme_builder_area=&#8221;post_content&#8221; hover_enabled=&#8221;0&#8243; sticky_enabled=&#8221;0&#8243;]<\/p>\n<p style=\"text-align: justify;\">Po\u010detci planinarskih aktivnosti na podru\u010dju Novske datiraju iz 1925. godine, kada su se prijavili Matici HPD da \u017eele osnovati podru\u017enicu.\u00a0<\/p>\n<p style=\"text-align: justify;\">Dana 1. lipnja 1951. godine odr\u017eana je osniva\u010dka skup\u0161tina PD \u201ePsunj\u201c Novska. Dru\u0161tvu je pristupilo 89 \u010dlanova, od toga 57 mu\u0161kih i 32 \u017eenskih. Radnika 13, \u0111aka 3, namje\u0161tenika 65, privatnih profesija 8. Do 18 godina 8, iznad 18 godina 81 \u010dlan. Dru\u0161tvo radi do 16.9.1960. kada je izvr\u0161en povrat materijala prema PSH, te podmirene financijske obveze iz 1959. godine, &#8211; izvor arhiv HPS-a.<\/p>\n<p style=\"text-align: justify;\">PD \u00abNovska 90\u00bb osnovano je 08. travnja 1990. godine, a sa radom je prestalo tijekom 1991. godine, zbog ratnih okolnosti.\u00a0<\/p>\n<p style=\"text-align: justify;\">Dana 17. velja\u010de 1998. osnovana je Planinarska udruga \u00abNovsko brdo\u00bb Novska, predsjednik dru\u0161tva Antun Merhaut, &#8211; izvor Novljanski vjesnik broj 414 od 10. travnja 1990. godine.<\/p>\n<p style=\"text-align: justify;\">Dana 07. velja\u010de 2007. godine promijenjen je naziv dru\u0161tva u Planinarsko dru\u0161tvo \u00abZmajevac\u00bb Novska. Predsjednik dru\u0161tva je Davor Augustin, zamjenik predsjednika Alojz Grden a tajnici dru\u0161tva su \u017deljko Dolgo\u0161 i Dubravko Badali\u0107.<\/p>\n<p style=\"text-align: justify;\">\u010clanovi na\u0161eg dru\u0161tva popeli su se na Materhorn, Mont Blanc, Grossglockner. Planinari smo po Sloveniji, Austriji, Ukrajini, \u0160vicarskoj, Francuskoj, Italiji, te Bosi i Hercegovini.\u00a0<\/p>\n<p style=\"text-align: justify;\">U organizaciji PD \u00abZmajevac\u00bb i Slavonskog planinarskog saveza odr\u017ean je u Novskoj 04. rujna 2011. godine, 36. Slet planinara Slavonije.\u00a0<\/p>\n<p style=\"text-align: justify;\">Svake godine prve nedjelje poslije Nove godine organizira se Novogodi\u0161nji pohod, kao i pohod 1. svibnja povodom VRA Bljesak (17. pohod \u0107e biti odr\u017ean 1.5.2014. godine). Na pohodima je u upotrebi pe\u010dat koji se utiskuje u Dnevnik pohoda. Pohod se odr\u017eava na planinarskom putu \u201eVRA Bljesak\u201c koji se redovito markira i odr\u017eava.\u00a0<\/p>\n<p style=\"text-align: justify;\">Do sada je kroz PD \u201eZmajevac\u201c Novska s pla\u0107enom \u010dlanarinom pro\u0161lo 102 \u010dlana, dok godi\u0161nje \u010dlansku obvezu plati oko 40 \u010dlanova.\u00a0<\/p>\n<p style=\"text-align: justify;\">Dana 30. travnja 2013. godine od\u0161tampana i podijeljena planinarska karta okolice Novske (dostupna i na web stranici dru\u0161tva, naklada 1000 komada).\u00a0<\/p>\n<p style=\"text-align: justify;\">Markacisti: Davor Augustin, \u017deljko Josipovi\u0107, Dunja Josipovi\u0107 i Ivica Mijatovi\u0107.<\/p>\n<p style=\"text-align: justify;\">Upisna knjiga sa pe\u010datom \u201eZmajevac 457 m\/nv\u201c, nalazi se na ugibali\u0161tu makadamske ceste, podno Kri\u010dkog brda u metalnoj kutiji na samostoje\u0107em stupu.<\/p>\n<p style=\"text-align: justify;\">\n<p style=\"text-align: justify;\"><strong>OSTALI PODACI\u00a0<\/strong><\/p>\n<p style=\"text-align: justify;\">Planinarsko dru\u0161tvo \u00abZmajevac\u00bb Novska, 44 330 Novska, Tina Ujevi\u0107a 2C,\u00a0<\/p>\n<p style=\"text-align: justify;\">e-mail:<span>\u00a0<\/span><span id=\"cloak247d6db1d790ac4e31dd51b0dd49c32a\"><a href=\"mailto:pd.zmajevac@gmail.com\">pd.zmajevac@gmail.com<\/a><\/span><\/p>\n<p style=\"text-align: justify;\">www.pd-zmajevac.hr<\/p>\n<p style=\"text-align: justify;\">facebook: planinarsko dru\u0161tvo zmajevac novska\u00a0<\/p>\n<p style=\"text-align: justify;\"><strong>Predsjednica<\/strong>: Melita Mihali\u0107<br \/><span><strong>Dopredsjednik<\/strong>: Edvard Bogovi\u0107<br \/><strong>Tajnica<\/strong>: Valentina Softa<\/span><\/p>\n<p style=\"text-align: justify;\"><strong>lzvr\u0161ni odbor Planinarskog dru\u0161tva ,,Zmajevac&#8221; Novska:<\/strong><\/p>\n<ol style=\"text-align: justify;\">\n<li><span>Melita Mihali\u0107 &#8211; predsjednica<\/span><\/li>\n<li><span>Edvard Bogovi\u0107 &#8211; dopredsjednik<\/span><\/li>\n<li><span>Valentina Softa &#8211; tajnica<\/span><\/li>\n<li><span>Tomislav Bogojevi\u0107<\/span><\/li>\n<li><span>Dubravko Badali6<\/span><\/li>\n<li><span>Vedran Lazi\u0107<\/span><\/li>\n<li><span>Dragan Ma\u017ear<\/span><\/li>\n<li><span>Denis Hora\u010dek<\/span><\/li>\n<li><span>Goran Kova\u010devi\u0107<\/span><\/li>\n<\/ol>\n<p style=\"text-align: justify;\"><strong>Blagajnica Planinarskog dru\u0161tva &#8220;Zmaievac&#8221; Novska:<\/strong><\/p>\n<ul style=\"text-align: justify;\">\n<li><span>-Ana Kova\u010devi\u0107<\/span><\/li>\n<\/ul>\n<p style=\"text-align: justify;\"><strong>Nadzorni odbor Planinarskog dru\u0161tva ,,Zmajevac&#8221; Novska:<\/strong><\/p>\n<ul style=\"text-align: justify;\">\n<li><span>Vladimir Bajzek &#8211; predsjednik<\/span><\/li>\n<li><span>lgor Softa<\/span><\/li>\n<li><span>Goran Bezen\u010dek<\/span><\/li>\n<\/ul>\n<p style=\"text-align: justify;\"><strong>Sud \u010dasti Planinarskog dru\u0161tva &#8220;Zmajevac&#8221; Novska:<\/strong><\/p>\n<ol>\n<li style=\"text-align: justify;\"><span>Alojz Grden &#8211; predsjednik<\/span><\/li>\n<li style=\"text-align: justify;\"><span>lvica Mijatovi\u0107<\/span><\/li>\n<li style=\"text-align: justify;\"><span>Marijan Veble<\/span><\/li>\n<\/ol>\n<p>[\/et_pb_text][\/et_pb_column][\/et_pb_row][\/et_pb_section]<\/p>\n","protected":false},"excerpt":{"rendered":"<p>Po\u010detci planinarskih aktivnosti na podru\u010dju Novske datiraju iz 1925. godine, kada su se prijavili Matici HPD da \u017eele osnovati podru\u017enicu.\u00a0 Dana 1. lipnja 1951. godine odr\u017eana je osniva\u010dka skup\u0161tina PD \u201ePsunj\u201c Novska. Dru\u0161tvu je pristupilo 89 \u010dlanova, od toga 57 mu\u0161kih i 32 \u017eenskih. Radnika 13, \u0111aka 3, namje\u0161tenika 65, privatnih profesija 8. Do 18 [&hellip;]<\/p>\n","protected":false},"author":1,"featured_media":0,"comment_status":"closed","ping_status":"open","sticky":false,"template":"","format":"standard","meta":{"_et_pb_use_builder":"on","_et_pb_old_content":"","_et_gb_content_width":"1080","footnotes":""},"categories":[28],"tags":[],"class_list":["post-2010","post","type-post","status-publish","format-standard","hentry","category-28"],"_links":{"self":[{"href":"https:\/\/www.slavonski-planinari.hr\/arhiva\/wp-json\/wp\/v2\/posts\/2010","targetHints":{"allow":["GET"]}}],"collection":[{"href":"https:\/\/www.slavonski-planinari.hr\/arhiva\/wp-json\/wp\/v2\/posts"}],"about":[{"href":"https:\/\/www.slavonski-planinari.hr\/arhiva\/wp-json\/wp\/v2\/types\/post"}],"author":[{"embeddable":true,"href":"https:\/\/www.slavonski-planinari.hr\/arhiva\/wp-json\/wp\/v2\/users\/1"}],"replies":[{"embeddable":true,"href":"https:\/\/www.slavonski-planinari.hr\/arhiva\/wp-json\/wp\/v2\/comments?post=2010"}],"version-history":[{"count":0,"href":"https:\/\/www.slavonski-planinari.hr\/arhiva\/wp-json\/wp\/v2\/posts\/2010\/revisions"}],"wp:attachment":[{"href":"https:\/\/www.slavonski-planinari.hr\/arhiva\/wp-json\/wp\/v2\/media?parent=2010"}],"wp:term":[{"taxonomy":"category","embeddable":true,"href":"https:\/\/www.slavonski-planinari.hr\/arhiva\/wp-json\/wp\/v2\/categories?post=2010"},{"taxonomy":"post_tag","embeddable":true,"href":"https:\/\/www.slavonski-planinari.hr\/arhiva\/wp-json\/wp\/v2\/tags?post=2010"}],"curies":[{"name":"wp","href":"https:\/\/api.w.org\/{rel}","templated":true}]}}