{"id":2005,"date":"2014-02-23T10:15:00","date_gmt":"2014-02-23T09:15:00","guid":{"rendered":"https:\/\/www.slavonski-planinari.hr\/arhiva\/?p=2005"},"modified":"2023-01-04T10:16:55","modified_gmt":"2023-01-04T09:16:55","slug":"izlozba-fotografija-slavonijom-zbrda-zdola-sezona-2013","status":"publish","type":"post","link":"https:\/\/www.slavonski-planinari.hr\/arhiva\/izlozba-fotografija-slavonijom-zbrda-zdola-sezona-2013\/","title":{"rendered":"Izlo\u017eba fotografija &#8220;Slavonijom zbrda-zdola&#8221; sezona 2013."},"content":{"rendered":"<p>[et_pb_section fb_built=&#8221;1&#8243; theme_builder_area=&#8221;post_content&#8221; _builder_version=&#8221;4.19.4&#8243; _module_preset=&#8221;default&#8221; custom_padding=&#8221;||396px|||&#8221;][et_pb_row _builder_version=&#8221;4.19.4&#8243; _module_preset=&#8221;default&#8221; theme_builder_area=&#8221;post_content&#8221;][et_pb_column _builder_version=&#8221;4.19.4&#8243; _module_preset=&#8221;default&#8221; type=&#8221;4_4&#8243; theme_builder_area=&#8221;post_content&#8221;][et_pb_text _builder_version=&#8221;4.19.4&#8243; _module_preset=&#8221;default&#8221; theme_builder_area=&#8221;post_content&#8221; hover_enabled=&#8221;0&#8243; sticky_enabled=&#8221;0&#8243;]<\/p>\n<div class=\"itemIntroText\">\n<p style=\"text-align: justify;\"><img loading=\"lazy\" decoding=\"async\" src=\"https:\/\/www.slavonski-planinari.hr\/arhiva\/wp-content\/uploads\/2023\/01\/zbrda_logo.jpg\" width=\"178\" height=\"89\" alt=\"\" class=\"wp-image-2007 alignleft size-full\" \/>Na Skup\u0161tini Slavonskog planinarskog saveza, 1. o\u017eujka 2014., u pl. domu \u0110uro Pilar, Brodsko Vinogorje biti \u0107e premijerno postavljena izlo\u017eba najboljih fotografija prispjelih na na\u0161 digitalni foto festival &#8220;Slavonijom zbrda-zdola&#8221; &#8211; 4 zadane teme tijekom 2013. godine.<\/p>\n<\/div>\n<div class=\"itemFullText\">\n<p style=\"text-align: justify;\">\u00a0<span>Delegati \u0107e vidjeti cijeli postav i prenijeti u svojim dru\u0161tvima kakva im je izlo\u017eba na raspolaganju ako osiguraju odgovaraju\u0107i prostor. Raspored po principu tko se prvi javi.<\/span><\/p>\n<p style=\"text-align: justify;\"><span>Prvo slu\u017ebeno postavljanje za javnost biti \u0107e u petak, 7.o\u017eujka 2014.u Novoj Gradi\u0161ki, u za\u0161ti\u0107enom povijesnom prostoru biv\u0161e knji\u017eare Bauer na gradskom korzu, u 19 sati. Tom prigodom \u0107e se uru\u010diti nagrade i priznanja &#8211; najvi\u0161e nagra\u0111enih je upravo iz Nove Gradi\u0161ke.<\/span><\/p>\n<\/div>\n<p>[\/et_pb_text][\/et_pb_column][\/et_pb_row][\/et_pb_section]<\/p>\n","protected":false},"excerpt":{"rendered":"<p>Na Skup\u0161tini Slavonskog planinarskog saveza, 1. o\u017eujka 2014., u pl. domu \u0110uro Pilar, Brodsko Vinogorje biti \u0107e premijerno postavljena izlo\u017eba najboljih fotografija prispjelih na na\u0161 digitalni foto festival &#8220;Slavonijom zbrda-zdola&#8221; &#8211; 4 zadane teme tijekom 2013. godine. \u00a0Delegati \u0107e vidjeti cijeli postav i prenijeti u svojim dru\u0161tvima kakva im je izlo\u017eba na raspolaganju ako osiguraju [&hellip;]<\/p>\n","protected":false},"author":1,"featured_media":0,"comment_status":"closed","ping_status":"open","sticky":false,"template":"","format":"standard","meta":{"_et_pb_use_builder":"on","_et_pb_old_content":"","_et_gb_content_width":"1080","footnotes":""},"categories":[28],"tags":[],"class_list":["post-2005","post","type-post","status-publish","format-standard","hentry","category-28"],"_links":{"self":[{"href":"https:\/\/www.slavonski-planinari.hr\/arhiva\/wp-json\/wp\/v2\/posts\/2005","targetHints":{"allow":["GET"]}}],"collection":[{"href":"https:\/\/www.slavonski-planinari.hr\/arhiva\/wp-json\/wp\/v2\/posts"}],"about":[{"href":"https:\/\/www.slavonski-planinari.hr\/arhiva\/wp-json\/wp\/v2\/types\/post"}],"author":[{"embeddable":true,"href":"https:\/\/www.slavonski-planinari.hr\/arhiva\/wp-json\/wp\/v2\/users\/1"}],"replies":[{"embeddable":true,"href":"https:\/\/www.slavonski-planinari.hr\/arhiva\/wp-json\/wp\/v2\/comments?post=2005"}],"version-history":[{"count":0,"href":"https:\/\/www.slavonski-planinari.hr\/arhiva\/wp-json\/wp\/v2\/posts\/2005\/revisions"}],"wp:attachment":[{"href":"https:\/\/www.slavonski-planinari.hr\/arhiva\/wp-json\/wp\/v2\/media?parent=2005"}],"wp:term":[{"taxonomy":"category","embeddable":true,"href":"https:\/\/www.slavonski-planinari.hr\/arhiva\/wp-json\/wp\/v2\/categories?post=2005"},{"taxonomy":"post_tag","embeddable":true,"href":"https:\/\/www.slavonski-planinari.hr\/arhiva\/wp-json\/wp\/v2\/tags?post=2005"}],"curies":[{"name":"wp","href":"https:\/\/api.w.org\/{rel}","templated":true}]}}