{"id":1946,"date":"2015-02-26T13:39:00","date_gmt":"2015-02-26T12:39:00","guid":{"rendered":"https:\/\/www.slavonski-planinari.hr\/arhiva\/?p=1946"},"modified":"2023-01-03T13:41:35","modified_gmt":"2023-01-03T12:41:35","slug":"odluka-o-temama-festivala-za-2015","status":"publish","type":"post","link":"https:\/\/www.slavonski-planinari.hr\/arhiva\/odluka-o-temama-festivala-za-2015\/","title":{"rendered":"Odluka o temama festivala za 2015"},"content":{"rendered":"<p>[et_pb_section fb_built=&#8221;1&#8243; theme_builder_area=&#8221;post_content&#8221; _builder_version=&#8221;4.19.4&#8243; _module_preset=&#8221;default&#8221;][et_pb_row _builder_version=&#8221;4.19.4&#8243; _module_preset=&#8221;default&#8221; theme_builder_area=&#8221;post_content&#8221;][et_pb_column _builder_version=&#8221;4.19.4&#8243; _module_preset=&#8221;default&#8221; type=&#8221;4_4&#8243; theme_builder_area=&#8221;post_content&#8221;][et_pb_text _builder_version=&#8221;4.19.4&#8243; _module_preset=&#8221;default&#8221; theme_builder_area=&#8221;post_content&#8221; hover_enabled=&#8221;0&#8243; sticky_enabled=&#8221;0&#8243;]<\/p>\n<p lang=\"hr-HR\"><span><strong>ODLUKA O TEMAMA FESTIVALA ZA 2015.:<\/strong><\/span><\/p>\n<p>&nbsp;<\/p>\n<p lang=\"hr-HR\"><span>Ocjenjiva\u010dki sud je odlu\u010dio ponuditi slijede\u0107e teme za kalendarsku 2015. godinu:<\/span><\/p>\n<p>&nbsp;<\/p>\n<p lang=\"hr-HR\"><span>1)\u00a001.sije\u010dnja &#8211; 31.o\u017eujka: 1) U NEVRIJEME &#8211; ki\u0161a, me\u0107ava, vjetar, magla &#8230; (U SLAVONSKOM GORJU)<\/span><\/p>\n<p>&nbsp;<\/p>\n<p lang=\"hr-HR\"><span>2)\u00a001.travnja &#8211; 30.lipnja: GLJIVE (SLAVONSKIH GORA)<\/span><\/p>\n<p>&nbsp;<\/p>\n<p lang=\"hr-HR\"><span>3)\u00a001.srpnja &#8211; 30. rujna: 120 g. PLANINARSTVA U SLAVONIJI &#8211; doga\u0111anja na Jankovcu<\/span><\/p>\n<p>&nbsp;<\/p>\n<p lang=\"hr-HR\"><span>u tjednu proslave (4.-11.7.2015.)<\/span><\/p>\n<p>&nbsp;<\/p>\n<p lang=\"hr-HR\"><span>4)\u00a001.listopada &#8211; 31.prosinca: MALI PLANINARI (SNIMLJENI NEGDJE NA SLAVONSKIM GORAMA)<\/span><\/p>\n<p>&nbsp;<\/p>\n<p lang=\"hr-HR\">\n<p>&nbsp;<\/p>\n<p lang=\"hr-HR\"><span>Fotografije na zadanu temu se, bez obzira kada su snimljene, primaju isklju\u010divo u periodu koji odgovara temi !<\/span><\/p>\n<p>[\/et_pb_text][\/et_pb_column][\/et_pb_row][\/et_pb_section]<\/p>\n","protected":false},"excerpt":{"rendered":"<p>ODLUKA O TEMAMA FESTIVALA ZA 2015.: &nbsp; Ocjenjiva\u010dki sud je odlu\u010dio ponuditi slijede\u0107e teme za kalendarsku 2015. godinu: &nbsp; 1)\u00a001.sije\u010dnja &#8211; 31.o\u017eujka: 1) U NEVRIJEME &#8211; ki\u0161a, me\u0107ava, vjetar, magla &#8230; (U SLAVONSKOM GORJU) &nbsp; 2)\u00a001.travnja &#8211; 30.lipnja: GLJIVE (SLAVONSKIH GORA) &nbsp; 3)\u00a001.srpnja &#8211; 30. rujna: 120 g. PLANINARSTVA U SLAVONIJI &#8211; doga\u0111anja na Jankovcu [&hellip;]<\/p>\n","protected":false},"author":1,"featured_media":0,"comment_status":"closed","ping_status":"open","sticky":false,"template":"","format":"standard","meta":{"_et_pb_use_builder":"on","_et_pb_old_content":"","_et_gb_content_width":"1080","footnotes":""},"categories":[29],"tags":[],"class_list":["post-1946","post","type-post","status-publish","format-standard","hentry","category-29"],"_links":{"self":[{"href":"https:\/\/www.slavonski-planinari.hr\/arhiva\/wp-json\/wp\/v2\/posts\/1946","targetHints":{"allow":["GET"]}}],"collection":[{"href":"https:\/\/www.slavonski-planinari.hr\/arhiva\/wp-json\/wp\/v2\/posts"}],"about":[{"href":"https:\/\/www.slavonski-planinari.hr\/arhiva\/wp-json\/wp\/v2\/types\/post"}],"author":[{"embeddable":true,"href":"https:\/\/www.slavonski-planinari.hr\/arhiva\/wp-json\/wp\/v2\/users\/1"}],"replies":[{"embeddable":true,"href":"https:\/\/www.slavonski-planinari.hr\/arhiva\/wp-json\/wp\/v2\/comments?post=1946"}],"version-history":[{"count":0,"href":"https:\/\/www.slavonski-planinari.hr\/arhiva\/wp-json\/wp\/v2\/posts\/1946\/revisions"}],"wp:attachment":[{"href":"https:\/\/www.slavonski-planinari.hr\/arhiva\/wp-json\/wp\/v2\/media?parent=1946"}],"wp:term":[{"taxonomy":"category","embeddable":true,"href":"https:\/\/www.slavonski-planinari.hr\/arhiva\/wp-json\/wp\/v2\/categories?post=1946"},{"taxonomy":"post_tag","embeddable":true,"href":"https:\/\/www.slavonski-planinari.hr\/arhiva\/wp-json\/wp\/v2\/tags?post=1946"}],"curies":[{"name":"wp","href":"https:\/\/api.w.org\/{rel}","templated":true}]}}