{"id":1920,"date":"2015-01-14T13:20:00","date_gmt":"2015-01-14T12:20:00","guid":{"rendered":"https:\/\/www.slavonski-planinari.hr\/arhiva\/?p=1920"},"modified":"2023-01-03T13:25:03","modified_gmt":"2023-01-03T12:25:03","slug":"plan-etapnog-obilaska-spp-za-2015","status":"publish","type":"post","link":"https:\/\/www.slavonski-planinari.hr\/arhiva\/plan-etapnog-obilaska-spp-za-2015\/","title":{"rendered":"Plan etapnog obilaska SPP za 2015."},"content":{"rendered":"<p>[et_pb_section fb_built=&#8221;1&#8243; theme_builder_area=&#8221;post_content&#8221; _builder_version=&#8221;4.19.4&#8243; _module_preset=&#8221;default&#8221;][et_pb_row _builder_version=&#8221;4.19.4&#8243; _module_preset=&#8221;default&#8221; theme_builder_area=&#8221;post_content&#8221;][et_pb_column _builder_version=&#8221;4.19.4&#8243; _module_preset=&#8221;default&#8221; type=&#8221;4_4&#8243; theme_builder_area=&#8221;post_content&#8221;][et_pb_text _builder_version=&#8221;4.19.4&#8243; _module_preset=&#8221;default&#8221; theme_builder_area=&#8221;post_content&#8221; hover_enabled=&#8221;0&#8243; sticky_enabled=&#8221;0&#8243;]<\/p>\n<h1 class=\"western\" align=\"CENTER\"><span><strong>PLAN OBILASKA SPP-a ZA 2015. g.<\/strong><\/span><\/h1>\n<p>Dogovoreni plan za nastavak 2. ciklusa etapnog obilaska SPP-a, za 2015. godinu:<\/p>\n<table border=\"1\" cellspacing=\"0\" cellpadding=\"0\">\n<tbody>\n<tr>\n<td valign=\"top\">\n<p>Broj izleta\u00a0<\/p>\n<\/td>\n<td valign=\"top\">\n<p>Datum\u00a0<\/p>\n<\/td>\n<td valign=\"top\">\n<p>Izlet na trasi SPP-a\u00a0<\/p>\n<\/td>\n<td valign=\"top\">\n<p>Trajanje\u00a0<\/p>\n<\/td>\n<\/tr>\n<tr>\n<td valign=\"top\">\n<p>\u00a09<\/p>\n<\/td>\n<td valign=\"top\">\n<p>\u00a022.02.2015.<\/p>\n<\/td>\n<td valign=\"top\">\n<p>\u0110URO PILAR &#8211; CAPLJEVIK &#8211; LJESKOVE VODE<\/p>\n<\/td>\n<td valign=\"top\">\n<p>\u00a05 sati<\/p>\n<\/td>\n<\/tr>\n<tr>\n<td valign=\"top\">\n<p>\u00a010<\/p>\n<\/td>\n<td valign=\"top\">\n<p>\u00a015.03.2015.<\/p>\n<\/td>\n<td valign=\"top\">\n<p>LJESKOVE VODE &#8211; \u010cARDAK &#8211; PAU\u010cJE &#8211; BOROVIK<\/p>\n<\/td>\n<td valign=\"top\">\n<p>\u00a07 sati<\/p>\n<\/td>\n<\/tr>\n<tr>\n<td valign=\"top\">\n<p>\u00a011<\/p>\n<\/td>\n<td valign=\"top\">\n<p>\u00a012.04.2015.<\/p>\n<\/td>\n<td valign=\"top\">\n<p>BOROVIK &#8211; LOND\u017dICA &#8211; BEDEMGRAD &#8211; PAULINOVAC<\/p>\n<\/td>\n<td valign=\"top\">\n<p>\u00a07 sati<\/p>\n<\/td>\n<\/tr>\n<tr>\n<td valign=\"top\">\n<p>\u00a012<\/p>\n<\/td>\n<td valign=\"top\">\n<p>\u00a010.05.2015.<\/p>\n<\/td>\n<td valign=\"top\">\n<p>PAULINOVAC &#8211; LON\u010cARSKI V. &#8211; DOBRA VODA &#8211; PETROV VRH &#8211; RU\u017dICA GRAD<\/p>\n<\/td>\n<td valign=\"top\">\n<p>\u00a07 sati<\/p>\n<\/td>\n<\/tr>\n<tr>\n<td valign=\"top\">\n<p>\u00a013<\/p>\n<\/td>\n<td valign=\"top\">\n<p>\u00a014.06.2015.<\/p>\n<\/td>\n<td valign=\"top\">\n<p>ME\u0110A &#8211; KAPOVAC &#8211; JAVOR &#8211; \u010cE\u0160LJAKOVA\u010cKI VIS &#8211; JANKOVAC<\/p>\n<\/td>\n<td valign=\"top\">\n<p>\u00a07 sati<\/p>\n<\/td>\n<\/tr>\n<tr>\n<td valign=\"top\">\n<p>\u00a014<\/p>\n<\/td>\n<td valign=\"top\">\n<p>\u00a020.09.2015.<\/p>\n<\/td>\n<td valign=\"top\">\n<p>JANKOVAC &#8211; IVA\u010cKA GLAVA &#8211; PAPUK &#8211; LOM &#8211; NOVO ZVE\u010cEVO CASABLANCA<\/p>\n<\/td>\n<td valign=\"top\">\n<p>\u00a08 sati\u00a0<\/p>\n<\/td>\n<\/tr>\n<tr>\n<td valign=\"top\">\n<p>\u00a015<\/p>\n<\/td>\n<td valign=\"top\">\n<p>\u00a018.10.2015.<\/p>\n<\/td>\n<td valign=\"top\">\n<p>CASABLANCA NOVO ZVE\u010cEVO &#8211; LJUTO\u010c &#8211; ME\u0110A<\/p>\n<\/td>\n<td valign=\"top\">\n<p>\u00a05 sati<\/p>\n<\/td>\n<\/tr>\n<tr>\n<td valign=\"top\">\n<p>\u00a016<\/p>\n<\/td>\n<td valign=\"top\">\n<p>\u00a021.11.2015.<\/p>\n<\/td>\n<td valign=\"top\">\n<p>ME\u0110A &#8211; CRNI VRH &#8211; VRANI KAMEN &#8211; PETROV VRH<\/p>\n<\/td>\n<td valign=\"top\">\n<p>\u00a06 sati<\/p>\n<\/td>\n<\/tr>\n<\/tbody>\n<\/table>\n<p class=\"western\" align=\"CENTER\">[\/et_pb_text][\/et_pb_column][\/et_pb_row][\/et_pb_section]<\/p>\n","protected":false},"excerpt":{"rendered":"<p>PLAN OBILASKA SPP-a ZA 2015. g. Dogovoreni plan za nastavak 2. ciklusa etapnog obilaska SPP-a, za 2015. godinu: Broj izleta\u00a0 Datum\u00a0 Izlet na trasi SPP-a\u00a0 Trajanje\u00a0 \u00a09 \u00a022.02.2015. \u0110URO PILAR &#8211; CAPLJEVIK &#8211; LJESKOVE VODE \u00a05 sati \u00a010 \u00a015.03.2015. LJESKOVE VODE &#8211; \u010cARDAK &#8211; PAU\u010cJE &#8211; BOROVIK \u00a07 sati \u00a011 \u00a012.04.2015. BOROVIK &#8211; LOND\u017dICA &#8211; [&hellip;]<\/p>\n","protected":false},"author":1,"featured_media":0,"comment_status":"closed","ping_status":"open","sticky":false,"template":"","format":"standard","meta":{"_et_pb_use_builder":"on","_et_pb_old_content":"","_et_gb_content_width":"1080","footnotes":""},"categories":[29],"tags":[],"class_list":["post-1920","post","type-post","status-publish","format-standard","hentry","category-29"],"_links":{"self":[{"href":"https:\/\/www.slavonski-planinari.hr\/arhiva\/wp-json\/wp\/v2\/posts\/1920","targetHints":{"allow":["GET"]}}],"collection":[{"href":"https:\/\/www.slavonski-planinari.hr\/arhiva\/wp-json\/wp\/v2\/posts"}],"about":[{"href":"https:\/\/www.slavonski-planinari.hr\/arhiva\/wp-json\/wp\/v2\/types\/post"}],"author":[{"embeddable":true,"href":"https:\/\/www.slavonski-planinari.hr\/arhiva\/wp-json\/wp\/v2\/users\/1"}],"replies":[{"embeddable":true,"href":"https:\/\/www.slavonski-planinari.hr\/arhiva\/wp-json\/wp\/v2\/comments?post=1920"}],"version-history":[{"count":0,"href":"https:\/\/www.slavonski-planinari.hr\/arhiva\/wp-json\/wp\/v2\/posts\/1920\/revisions"}],"wp:attachment":[{"href":"https:\/\/www.slavonski-planinari.hr\/arhiva\/wp-json\/wp\/v2\/media?parent=1920"}],"wp:term":[{"taxonomy":"category","embeddable":true,"href":"https:\/\/www.slavonski-planinari.hr\/arhiva\/wp-json\/wp\/v2\/categories?post=1920"},{"taxonomy":"post_tag","embeddable":true,"href":"https:\/\/www.slavonski-planinari.hr\/arhiva\/wp-json\/wp\/v2\/tags?post=1920"}],"curies":[{"name":"wp","href":"https:\/\/api.w.org\/{rel}","templated":true}]}}