{"id":1835,"date":"2013-11-30T12:30:00","date_gmt":"2013-11-30T11:30:00","guid":{"rendered":"https:\/\/www.slavonski-planinari.hr\/arhiva\/?p=1835"},"modified":"2023-01-03T12:34:03","modified_gmt":"2023-01-03T11:34:03","slug":"18-memorijalni-planinarski-pohod-fokinom-stazom-1991","status":"publish","type":"post","link":"https:\/\/www.slavonski-planinari.hr\/arhiva\/18-memorijalni-planinarski-pohod-fokinom-stazom-1991\/","title":{"rendered":"18. memorijalni planinarski pohod Fokinom stazom 1991."},"content":{"rendered":"<p>[et_pb_section fb_built=&#8221;1&#8243; _builder_version=&#8221;4.19.4&#8243; _module_preset=&#8221;default&#8221; global_colors_info=&#8221;{}&#8221;][et_pb_row _builder_version=&#8221;4.19.4&#8243; _module_preset=&#8221;default&#8221; global_colors_info=&#8221;{}&#8221;][et_pb_column type=&#8221;4_4&#8243; _builder_version=&#8221;4.19.4&#8243; _module_preset=&#8221;default&#8221; global_colors_info=&#8221;{}&#8221;][et_pb_text _builder_version=&#8221;4.19.4&#8243; _module_preset=&#8221;default&#8221; hover_enabled=&#8221;0&#8243; global_colors_info=&#8221;{}&#8221; sticky_enabled=&#8221;0&#8243;]<\/p>\n<div class=\"itemIntroText\">\n<p style=\"text-align: justify;\"><img loading=\"lazy\" decoding=\"async\" src=\"https:\/\/www.slavonski-planinari.hr\/arhiva\/wp-content\/uploads\/2023\/01\/foka.jpg\" width=\"99\" height=\"66\" alt=\"\" class=\"wp-image-1838 alignleft size-full\" \/>Na\u0161e planinarsko dru\u0161tvo 14. prosinca 2013. godine organizira tradicionalni memorijalni planinarski pohod FOKINOM STAZOM 1991. Pohod se odr\u017eava u znak sje\u0107anja na pogibije na\u0161ih branitelja \u2013 IVANA BEDEKOVI\u0106A, ANTU \u0106URI\u0106A, FRANJU GA\u0160PARA, MARIJANA KULHAVOG FOKU, DRA\u017dENA HUDECA, \u017dELJKA NOVOSELA I DARKA PERO\u0160A.<\/p>\n<\/div>\n<div class=\"itemFullText\">\n<p style=\"text-align: justify;\"><span>Prije samog pohoda, ujutro od 9 do10 sati, u\u010desnici mogu pogledati stalni izlo\u017ebeni postav Vojne i ratne povijesti koji je uspostavio profesor Mario Tu\u0161ek iz Pakraca i Klub ratni\u010dkih vje\u0161tina Pakrac. Ulaz se ne napla\u0107uje, a izlo\u017eba se nalazi u biv\u0161oj zgradi stare Varo\u0161ke ku\u0107e, tj. iznad sada\u0161nje Turisti\u010dke zajednice Pakrac, bo\u010dni ulaz desno, 1. kat, u neposrednoj blizini Trga bana Josipa Jela\u010di\u0107a.<\/span><\/p>\n<p style=\"text-align: justify;\">Polazak na pohod bit \u0107e u 10 sati sa ve\u0107 uobi\u010dajenog mjesta okupljanja na Trgu bana Josipa Jela\u010di\u0107a u Pakracu.<\/p>\n<p style=\"text-align: justify;\">Grad \u0107emo polako napu\u0161tati u organiziranoj koloni, trasom pohoda koja je stara, dobro poznata:<\/p>\n<p style=\"text-align: justify;\">Trg bana Josipa Jela\u010di\u0107a-Trg pape Ivana Pavla II-ulica Josipa Juraja Strossmayera-ulica Ivana Gunduli\u0107a-ulica Sv. Rok. Iznad crkvice Svetog Roka, pod trijemom svoje ku\u0107e, simpatizer planinara, na\u0161 sugra\u0111anin Sre\u0107ko Brus, i ove godine po\u010dastit \u0107e nas toplim napitcima i slavonskim mesnatim proizvodima.<\/p>\n<p style=\"text-align: justify;\">Kod spomen-obilje\u017eja mu\u010dki pobijenim braniteljima na kraju ulice Svetog Roka u podru\u010dju \u010cukur, polo\u017eit \u0107emo vijence i zapaliti svije\u0107e. Uz prisje\u0107anje na Domovinski rat odat \u0107emo po\u010dast na\u0161im poginulim braniteljima.<\/p>\n<p style=\"text-align: justify;\"><img loading=\"lazy\" decoding=\"async\" src=\"https:\/\/www.slavonski-planinari.hr\/arhiva\/wp-content\/uploads\/2023\/01\/Plakat-Fokina-staza-2013.jpg\" width=\"543\" height=\"768\" alt=\"\" class=\"wp-image-1837 aligncenter size-full\" srcset=\"https:\/\/www.slavonski-planinari.hr\/arhiva\/wp-content\/uploads\/2023\/01\/Plakat-Fokina-staza-2013.jpg 543w, https:\/\/www.slavonski-planinari.hr\/arhiva\/wp-content\/uploads\/2023\/01\/Plakat-Fokina-staza-2013-480x679.jpg 480w\" sizes=\"(min-width: 0px) and (max-width: 480px) 480px, (min-width: 481px) 543px, 100vw\" \/><\/p>\n<p style=\"text-align: justify;\">Nastavak pje\u0161a\u010denja do planinarskog doma Omanovac nastavit \u0107emo dosada\u0161njim uobi\u010dajenim markiranim planinarskim pravcima.<\/p>\n<p style=\"text-align: justify;\">U planinarskom domu bit \u0107e prire\u0111en topli \u010daj dobrodo\u0161lice i planinarski grah po cijeni od 20,00 kuna za porciju. Za grah je potrebno pribilje\u017eiti se kod Deana Nagya \u00a0na broj 098 936 88 70.<\/p>\n<p style=\"text-align: justify;\">Za pohod se potrebno obu\u0107i u skladu s vremenskim prilikama.<\/p>\n<p style=\"text-align: justify;\">Pohodu pristupate na vlastitu odgovornost uz po\u0161tivanje pravila sigurnog boravka u planinama i du\u017eni ste slu\u0161ati upute vodi\u010da.<\/p>\n<p style=\"text-align: justify;\">Drage planinarke i planinari, branitelji, po\u0161tovani prijatelji, molimo Vas da nam zbog bolje organizacije pohoda najavite svoj dolazak sa brojnim stanjem va\u0161ih u\u010desnika, a mo\u017ee i s brojem onih koji \u017eele jesti grah za ru\u010dak. Te podatke javite nam do 12. prosinca na jedan od navedenih telefona:<\/p>\n<p style=\"text-align: justify;\">098 325 508 \u00a0Borislav \u010cerni, 098 185 01 31 \u00a0Kre\u0161o \u010cehuli\u0107, 099 850 54 60 \u00a0\u017darko Ro\u010dek<\/p>\n<p style=\"text-align: justify;\"><span>S po\u0161tovanjem uz planinarski pozdrav,<\/span><\/p>\n<p style=\"text-align: center;\"><span>SVI U PLANINE !<\/span><\/p>\n<p style=\"text-align: right;\">\u00a0PREDSJEDNIK PD \u201ePSUNJ\u201c PAKRAC<br \/><span>KRE\u0160O \u00a0\u010cEHULI\u0106<\/span><\/p>\n<\/div>\n<p>[\/et_pb_text][\/et_pb_column][\/et_pb_row][\/et_pb_section]<\/p>\n","protected":false},"excerpt":{"rendered":"<p>Na\u0161e planinarsko dru\u0161tvo 14. prosinca 2013. godine organizira tradicionalni memorijalni planinarski pohod FOKINOM STAZOM 1991. Pohod se odr\u017eava u znak sje\u0107anja na pogibije na\u0161ih branitelja \u2013 IVANA BEDEKOVI\u0106A, ANTU \u0106URI\u0106A, FRANJU GA\u0160PARA, MARIJANA KULHAVOG FOKU, DRA\u017dENA HUDECA, \u017dELJKA NOVOSELA I DARKA PERO\u0160A. Prije samog pohoda, ujutro od 9 do10 sati, u\u010desnici mogu pogledati stalni izlo\u017ebeni [&hellip;]<\/p>\n","protected":false},"author":1,"featured_media":0,"comment_status":"closed","ping_status":"open","sticky":false,"template":"","format":"standard","meta":{"_et_pb_use_builder":"on","_et_pb_old_content":"","_et_gb_content_width":"1080","footnotes":""},"categories":[27],"tags":[],"class_list":["post-1835","post","type-post","status-publish","format-standard","hentry","category-27"],"_links":{"self":[{"href":"https:\/\/www.slavonski-planinari.hr\/arhiva\/wp-json\/wp\/v2\/posts\/1835","targetHints":{"allow":["GET"]}}],"collection":[{"href":"https:\/\/www.slavonski-planinari.hr\/arhiva\/wp-json\/wp\/v2\/posts"}],"about":[{"href":"https:\/\/www.slavonski-planinari.hr\/arhiva\/wp-json\/wp\/v2\/types\/post"}],"author":[{"embeddable":true,"href":"https:\/\/www.slavonski-planinari.hr\/arhiva\/wp-json\/wp\/v2\/users\/1"}],"replies":[{"embeddable":true,"href":"https:\/\/www.slavonski-planinari.hr\/arhiva\/wp-json\/wp\/v2\/comments?post=1835"}],"version-history":[{"count":0,"href":"https:\/\/www.slavonski-planinari.hr\/arhiva\/wp-json\/wp\/v2\/posts\/1835\/revisions"}],"wp:attachment":[{"href":"https:\/\/www.slavonski-planinari.hr\/arhiva\/wp-json\/wp\/v2\/media?parent=1835"}],"wp:term":[{"taxonomy":"category","embeddable":true,"href":"https:\/\/www.slavonski-planinari.hr\/arhiva\/wp-json\/wp\/v2\/categories?post=1835"},{"taxonomy":"post_tag","embeddable":true,"href":"https:\/\/www.slavonski-planinari.hr\/arhiva\/wp-json\/wp\/v2\/tags?post=1835"}],"curies":[{"name":"wp","href":"https:\/\/api.w.org\/{rel}","templated":true}]}}