{"id":1832,"date":"2013-11-18T12:27:00","date_gmt":"2013-11-18T11:27:00","guid":{"rendered":"https:\/\/www.slavonski-planinari.hr\/arhiva\/?p=1832"},"modified":"2023-01-03T12:29:27","modified_gmt":"2023-01-03T11:29:27","slug":"13-memorijalni-pohod-na-andinu-baraku","status":"publish","type":"post","link":"https:\/\/www.slavonski-planinari.hr\/arhiva\/13-memorijalni-pohod-na-andinu-baraku\/","title":{"rendered":"13. Memorijalni pohod na An\u0111inu baraku"},"content":{"rendered":"<p>[et_pb_section fb_built=&#8221;1&#8243; theme_builder_area=&#8221;post_content&#8221; _builder_version=&#8221;4.19.4&#8243; _module_preset=&#8221;default&#8221; custom_padding=&#8221;||165px|||&#8221;][et_pb_row _builder_version=&#8221;4.19.4&#8243; _module_preset=&#8221;default&#8221; theme_builder_area=&#8221;post_content&#8221;][et_pb_column _builder_version=&#8221;4.19.4&#8243; _module_preset=&#8221;default&#8221; type=&#8221;4_4&#8243; theme_builder_area=&#8221;post_content&#8221;][et_pb_text _builder_version=&#8221;4.19.4&#8243; _module_preset=&#8221;default&#8221; theme_builder_area=&#8221;post_content&#8221; hover_enabled=&#8221;0&#8243; sticky_enabled=&#8221;0&#8243;]<\/p>\n<div class=\"itemIntroText\">\n<p style=\"text-align: justify;\"><img loading=\"lazy\" decoding=\"async\" src=\"https:\/\/www.slavonski-planinari.hr\/arhiva\/wp-content\/uploads\/2023\/01\/maliscak.jpg\" width=\"89\" height=\"59\" alt=\"\" class=\"wp-image-1697 alignleft size-full\" \/>Po\u0161tovani prijatelji, pozivamo vas na 13. Memorijalni pohod na An\u0111inu baraku u spomen poginulim hrvatskim braniteljima.<\/p>\n<p style=\"text-align: justify;\"><span>Pohod \u0107e biti odr\u017ean 01. prosinca 2013. godine. Okupljanje je ispred crkve Sv. Augustina u Velikoj od 8.30 h, a polazak je oko 9.00 h.<\/span><\/p>\n<\/div>\n<div class=\"itemFullText\">\n<p style=\"text-align: justify;\">\n<p style=\"text-align: justify;\"><span>Kod spomenika na An\u0111inoj baraci (o\u010dekivano oko 11.30 &#8211; 12.00h) odr\u017eati \u0107emo kratku molitvu i zapaliti svije\u0107e kako bi odali du\u017eno po\u0161tovanje poginulim braniteljima.<\/span><\/p>\n<p style=\"text-align: justify;\"><span>Za sve sudionike \u0107e biti osigurana zakuska (tradicionalni kruh i mast) te topli \u010daj i kuhano vino.<\/span><\/p>\n<p style=\"text-align: justify;\"><span>Povratak u Veliku planiran je do 16.00 h.<\/span><\/p>\n<p style=\"text-align: justify;\"><span>Za sve dodatne informacije zovite nas na:<\/span><\/p>\n<ul style=\"text-align: justify;\">\n<li><span>098\/166 1480 (Tomislav Juri\u0107)<\/span><\/li>\n<li><span>098\/160 4468 (Mario Peri\u0107)<\/span><\/li>\n<li><span>091\/118 9901 (Tomislav \u0160ebalj)<\/span><\/li>\n<\/ul>\n<p style=\"text-align: center;\"><em><strong><span>Radujemo se Va\u0161em dolasku !!!<\/span><\/strong><\/em><\/p>\n<p style=\"text-align: right;\">PD \u201eMali\u0161\u0107ak\u201c<\/p>\n<\/div>\n<p>[\/et_pb_text][\/et_pb_column][\/et_pb_row][\/et_pb_section]<\/p>\n","protected":false},"excerpt":{"rendered":"<p>Po\u0161tovani prijatelji, pozivamo vas na 13. Memorijalni pohod na An\u0111inu baraku u spomen poginulim hrvatskim braniteljima. Pohod \u0107e biti odr\u017ean 01. prosinca 2013. godine. Okupljanje je ispred crkve Sv. Augustina u Velikoj od 8.30 h, a polazak je oko 9.00 h. Kod spomenika na An\u0111inoj baraci (o\u010dekivano oko 11.30 &#8211; 12.00h) odr\u017eati \u0107emo kratku molitvu [&hellip;]<\/p>\n","protected":false},"author":1,"featured_media":0,"comment_status":"closed","ping_status":"open","sticky":false,"template":"","format":"standard","meta":{"_et_pb_use_builder":"on","_et_pb_old_content":"","_et_gb_content_width":"1080","footnotes":""},"categories":[27],"tags":[],"class_list":["post-1832","post","type-post","status-publish","format-standard","hentry","category-27"],"_links":{"self":[{"href":"https:\/\/www.slavonski-planinari.hr\/arhiva\/wp-json\/wp\/v2\/posts\/1832","targetHints":{"allow":["GET"]}}],"collection":[{"href":"https:\/\/www.slavonski-planinari.hr\/arhiva\/wp-json\/wp\/v2\/posts"}],"about":[{"href":"https:\/\/www.slavonski-planinari.hr\/arhiva\/wp-json\/wp\/v2\/types\/post"}],"author":[{"embeddable":true,"href":"https:\/\/www.slavonski-planinari.hr\/arhiva\/wp-json\/wp\/v2\/users\/1"}],"replies":[{"embeddable":true,"href":"https:\/\/www.slavonski-planinari.hr\/arhiva\/wp-json\/wp\/v2\/comments?post=1832"}],"version-history":[{"count":0,"href":"https:\/\/www.slavonski-planinari.hr\/arhiva\/wp-json\/wp\/v2\/posts\/1832\/revisions"}],"wp:attachment":[{"href":"https:\/\/www.slavonski-planinari.hr\/arhiva\/wp-json\/wp\/v2\/media?parent=1832"}],"wp:term":[{"taxonomy":"category","embeddable":true,"href":"https:\/\/www.slavonski-planinari.hr\/arhiva\/wp-json\/wp\/v2\/categories?post=1832"},{"taxonomy":"post_tag","embeddable":true,"href":"https:\/\/www.slavonski-planinari.hr\/arhiva\/wp-json\/wp\/v2\/tags?post=1832"}],"curies":[{"name":"wp","href":"https:\/\/api.w.org\/{rel}","templated":true}]}}