{"id":1770,"date":"2013-11-08T12:07:00","date_gmt":"2013-11-08T11:07:00","guid":{"rendered":"https:\/\/www.slavonski-planinari.hr\/arhiva\/?p=1770"},"modified":"2023-01-03T12:11:11","modified_gmt":"2023-01-03T11:11:11","slug":"medunarodni-dan-planina-2013","status":"publish","type":"post","link":"https:\/\/www.slavonski-planinari.hr\/arhiva\/medunarodni-dan-planina-2013\/","title":{"rendered":"Me\u0111unarodni dan planina 2013."},"content":{"rendered":"<p>[et_pb_section fb_built=&#8221;1&#8243; theme_builder_area=&#8221;post_content&#8221; _builder_version=&#8221;4.19.4&#8243; _module_preset=&#8221;default&#8221;][et_pb_row _builder_version=&#8221;4.19.4&#8243; _module_preset=&#8221;default&#8221; theme_builder_area=&#8221;post_content&#8221;][et_pb_column _builder_version=&#8221;4.19.4&#8243; _module_preset=&#8221;default&#8221; type=&#8221;4_4&#8243; theme_builder_area=&#8221;post_content&#8221;][et_pb_text _builder_version=&#8221;4.19.4&#8243; _module_preset=&#8221;default&#8221; theme_builder_area=&#8221;post_content&#8221; hover_enabled=&#8221;0&#8243; sticky_enabled=&#8221;0&#8243;]<\/p>\n<div class=\"itemIntroText\">\n<p style=\"text-align: justify;\"><img loading=\"lazy\" decoding=\"async\" src=\"https:\/\/www.slavonski-planinari.hr\/arhiva\/wp-content\/uploads\/2023\/01\/mpd2013.jpg\" width=\"141\" height=\"99\" alt=\"\" class=\"wp-image-1773 alignleft size-full\" \/>Park prirode Papuk i Slavonski planinarski savez, obilje\u017eavaju\u0107i Me\u0111unarodni dan planina, pozivaju vas u nedjelju, 8. prosinca 2013. na 8. izlet nepoznati Papuk \u2013 &#8220;Papu\u010dki reitweg&#8221; (Gutmmanova konji\u010dka staza).<\/p>\n<\/div>\n<div class=\"itemFullText\">\n<p style=\"text-align: justify;\">\n<p style=\"text-align: justify;\"><span><strong>Okupljanje<\/strong>\u00a0sudionika je od 9:00 sati u Novom Zve\u010devu (susjedstvo gostionice Casablanca).<\/span><\/p>\n<p style=\"text-align: justify;\"><span><strong>Vrijeme hoda<\/strong>\u00a0je 4:30 sati (Josipov put \u2013 Pale\u017e \u2013 Reitweg \u2013 Studenac \u2013 Crna ku\u0107a).\u00a0<\/span><span>Pe\u010dat manifestacije, letak, vodi\u010di izleta i skromni domijenak osigurani.<\/span><\/p>\n<p style=\"text-align: justify;\"><span>Preporu\u010duje se ponijeti\u00a0<strong>planinarsku odje\u0107u<\/strong>\u00a0i obu\u0107u (uklju\u010divo i protuki\u0161nu).<\/span><\/p>\n<p style=\"text-align: justify;\"><img loading=\"lazy\" decoding=\"async\" src=\"https:\/\/www.slavonski-planinari.hr\/arhiva\/wp-content\/uploads\/2023\/01\/IMG_3981.jpg\" width=\"450\" height=\"600\" alt=\"\" class=\"wp-image-1772 aligncenter size-full\" srcset=\"https:\/\/www.slavonski-planinari.hr\/arhiva\/wp-content\/uploads\/2023\/01\/IMG_3981.jpg 450w, https:\/\/www.slavonski-planinari.hr\/arhiva\/wp-content\/uploads\/2023\/01\/IMG_3981-225x300.jpg 225w\" sizes=\"(max-width: 450px) 100vw, 450px\" \/><\/p>\n<p style=\"text-align: justify;\"><span>Hrvatski planinarski savez svojim pokroviteljstvom podupire proslavu Me\u0111unarodnog dana planina na Papuku, sa ovogodi\u0161njom temom &#8220;Planine \u2013 klju\u010d za odr\u017eivu budu\u0107nost&#8221;.<\/span><\/p>\n<p style=\"text-align: justify;\"><strong><span>Info:<\/span><\/strong><\/p>\n<ul>\n<li style=\"text-align: justify;\"><span>Otmar Tosenberger, 091\/181 4119,\u00a0<span id=\"cloak1ab1314c309c7544e9b5c23f60e0df0d\"><a href=\"mailto:slavonski.planinari@gmail.com\">slavonski.planinari@gmail.com<\/a><\/span><\/span><\/li>\n<li style=\"text-align: justify;\"><span>Miro Mesi\u0107, 098\/416 530,\u00a0<span id=\"cloak481ab5de291dbb63caacabf645b521ec\"><a href=\"mailto:miromesic@yahoo.com\">miromesic@yahoo.com<\/a><\/span><\/span><\/li>\n<li style=\"text-align: justify;\"><span>PP Papuk, 034\/313 030,\u00a0<span id=\"cloak264197312c524ee2cdcec11e63d974ec\"><a href=\"mailto:kontakt@pp-papuk.hr\">kontakt@pp-papuk.hr<\/a><\/span><\/span><\/li>\n<\/ul>\n<\/div>\n<p>[\/et_pb_text][\/et_pb_column][\/et_pb_row][\/et_pb_section]<\/p>\n","protected":false},"excerpt":{"rendered":"<p>Park prirode Papuk i Slavonski planinarski savez, obilje\u017eavaju\u0107i Me\u0111unarodni dan planina, pozivaju vas u nedjelju, 8. prosinca 2013. na 8. izlet nepoznati Papuk \u2013 &#8220;Papu\u010dki reitweg&#8221; (Gutmmanova konji\u010dka staza). Okupljanje\u00a0sudionika je od 9:00 sati u Novom Zve\u010devu (susjedstvo gostionice Casablanca). Vrijeme hoda\u00a0je 4:30 sati (Josipov put \u2013 Pale\u017e \u2013 Reitweg \u2013 Studenac \u2013 Crna ku\u0107a).\u00a0Pe\u010dat [&hellip;]<\/p>\n","protected":false},"author":1,"featured_media":0,"comment_status":"closed","ping_status":"open","sticky":false,"template":"","format":"standard","meta":{"_et_pb_use_builder":"on","_et_pb_old_content":"","_et_gb_content_width":"1080","footnotes":""},"categories":[27],"tags":[],"class_list":["post-1770","post","type-post","status-publish","format-standard","hentry","category-27"],"_links":{"self":[{"href":"https:\/\/www.slavonski-planinari.hr\/arhiva\/wp-json\/wp\/v2\/posts\/1770","targetHints":{"allow":["GET"]}}],"collection":[{"href":"https:\/\/www.slavonski-planinari.hr\/arhiva\/wp-json\/wp\/v2\/posts"}],"about":[{"href":"https:\/\/www.slavonski-planinari.hr\/arhiva\/wp-json\/wp\/v2\/types\/post"}],"author":[{"embeddable":true,"href":"https:\/\/www.slavonski-planinari.hr\/arhiva\/wp-json\/wp\/v2\/users\/1"}],"replies":[{"embeddable":true,"href":"https:\/\/www.slavonski-planinari.hr\/arhiva\/wp-json\/wp\/v2\/comments?post=1770"}],"version-history":[{"count":0,"href":"https:\/\/www.slavonski-planinari.hr\/arhiva\/wp-json\/wp\/v2\/posts\/1770\/revisions"}],"wp:attachment":[{"href":"https:\/\/www.slavonski-planinari.hr\/arhiva\/wp-json\/wp\/v2\/media?parent=1770"}],"wp:term":[{"taxonomy":"category","embeddable":true,"href":"https:\/\/www.slavonski-planinari.hr\/arhiva\/wp-json\/wp\/v2\/categories?post=1770"},{"taxonomy":"post_tag","embeddable":true,"href":"https:\/\/www.slavonski-planinari.hr\/arhiva\/wp-json\/wp\/v2\/tags?post=1770"}],"curies":[{"name":"wp","href":"https:\/\/api.w.org\/{rel}","templated":true}]}}