{"id":1766,"date":"2013-10-24T11:56:00","date_gmt":"2013-10-24T10:56:00","guid":{"rendered":"https:\/\/www.slavonski-planinari.hr\/arhiva\/?p=1766"},"modified":"2023-01-03T11:58:38","modified_gmt":"2023-01-03T10:58:38","slug":"jesen-na-dilju","status":"publish","type":"post","link":"https:\/\/www.slavonski-planinari.hr\/arhiva\/jesen-na-dilju\/","title":{"rendered":"Jesen na Dilju"},"content":{"rendered":"<p>[et_pb_section fb_built=&#8221;1&#8243; theme_builder_area=&#8221;post_content&#8221; _builder_version=&#8221;4.19.4&#8243; _module_preset=&#8221;default&#8221; custom_padding=&#8221;||149px|||&#8221;][et_pb_row _builder_version=&#8221;4.19.4&#8243; _module_preset=&#8221;default&#8221; theme_builder_area=&#8221;post_content&#8221;][et_pb_column _builder_version=&#8221;4.19.4&#8243; _module_preset=&#8221;default&#8221; type=&#8221;4_4&#8243; theme_builder_area=&#8221;post_content&#8221;][et_pb_text _builder_version=&#8221;4.19.4&#8243; _module_preset=&#8221;default&#8221; theme_builder_area=&#8221;post_content&#8221; hover_enabled=&#8221;0&#8243; sticky_enabled=&#8221;0&#8243;]<\/p>\n<div class=\"itemIntroText\">\n<p style=\"text-align: justify;\"><img loading=\"lazy\" decoding=\"async\" src=\"https:\/\/www.slavonski-planinari.hr\/arhiva\/wp-content\/uploads\/2023\/01\/tikvica.jpg\" width=\"120\" height=\"80\" alt=\"\" class=\"wp-image-1768 alignleft size-full\" \/>Hrvatsko planinarsko dru\u0161tvo &#8220;Tikvica&#8221; \u017dupanja organizira tradicionalni pohod Prezdanak &#8211; \u010cardak &#8220;Jesen na Dilju&#8221;.\u00a0<span>Pohod \u00a0\u0107e se odr\u017eati u nedjelju, 17. studenoga 2013.<\/span><\/p>\n<p style=\"text-align: justify;\"><span>Molimo planinarska dru\u0161tva da nam na vrijeme prijave svoj dolazak kao i broj sudionika pohoda, kako bi svima osigurali ru\u010dak i pi\u0107e.<\/span><\/p>\n<\/div>\n<div class=\"itemFullText\">\n<p style=\"text-align: justify;\">\u00a0<strong><span>Program:\u00a0<\/span><\/strong><\/p>\n<ul style=\"text-align: justify;\">\n<li><span>09,00 &#8211; 10,00 &#8211; okupljanje planinara kod lova\u010dkog doma &#8220;Prezdanak&#8221; i kratko dru\u017eenje uz \u010daj i doru\u010dak. Promocija i prodaja Spomen-dnevnika pohoda<\/span><\/li>\n<li><span>10,00 &#8211; polazak na pohodnu stazu Prezdanak &#8211; \u010cardak<\/span><\/li>\n<li><span>14,00 &#8211; predvi\u0111eni povratak planinara do lova\u010dkog doma, gdje \u0107e biti osiguran ru\u010dak i pi\u0107e po primjerenim cijenama. Poslije ru\u010dka dru\u017eenje uz tambura\u0161e.<\/span><\/li>\n<li><span>16,00 &#8211; 16,30 &#8211; Zatvaranje pohoda i ispra\u0107aj gostiju.<\/span><\/li>\n<\/ul>\n<p style=\"text-align: justify;\">\n<p style=\"text-align: justify;\"><strong><span>Kontakt telefoni:<\/span><\/strong><\/p>\n<p style=\"text-align: justify;\"><span>Marko Miki\u0107 &#8211; 099\/56 62 122<br \/><\/span><span>Ratko Zovki\u0107 &#8211; 098\/ 618 337<\/span><\/p>\n<\/div>\n<p>[\/et_pb_text][\/et_pb_column][\/et_pb_row][\/et_pb_section]<\/p>\n","protected":false},"excerpt":{"rendered":"<p>Hrvatsko planinarsko dru\u0161tvo &#8220;Tikvica&#8221; \u017dupanja organizira tradicionalni pohod Prezdanak &#8211; \u010cardak &#8220;Jesen na Dilju&#8221;.\u00a0Pohod \u00a0\u0107e se odr\u017eati u nedjelju, 17. studenoga 2013. Molimo planinarska dru\u0161tva da nam na vrijeme prijave svoj dolazak kao i broj sudionika pohoda, kako bi svima osigurali ru\u010dak i pi\u0107e. \u00a0Program:\u00a0 09,00 &#8211; 10,00 &#8211; okupljanje planinara kod lova\u010dkog doma &#8220;Prezdanak&#8221; [&hellip;]<\/p>\n","protected":false},"author":1,"featured_media":0,"comment_status":"closed","ping_status":"open","sticky":false,"template":"","format":"standard","meta":{"_et_pb_use_builder":"on","_et_pb_old_content":"","_et_gb_content_width":"1080","footnotes":""},"categories":[27],"tags":[],"class_list":["post-1766","post","type-post","status-publish","format-standard","hentry","category-27"],"_links":{"self":[{"href":"https:\/\/www.slavonski-planinari.hr\/arhiva\/wp-json\/wp\/v2\/posts\/1766","targetHints":{"allow":["GET"]}}],"collection":[{"href":"https:\/\/www.slavonski-planinari.hr\/arhiva\/wp-json\/wp\/v2\/posts"}],"about":[{"href":"https:\/\/www.slavonski-planinari.hr\/arhiva\/wp-json\/wp\/v2\/types\/post"}],"author":[{"embeddable":true,"href":"https:\/\/www.slavonski-planinari.hr\/arhiva\/wp-json\/wp\/v2\/users\/1"}],"replies":[{"embeddable":true,"href":"https:\/\/www.slavonski-planinari.hr\/arhiva\/wp-json\/wp\/v2\/comments?post=1766"}],"version-history":[{"count":0,"href":"https:\/\/www.slavonski-planinari.hr\/arhiva\/wp-json\/wp\/v2\/posts\/1766\/revisions"}],"wp:attachment":[{"href":"https:\/\/www.slavonski-planinari.hr\/arhiva\/wp-json\/wp\/v2\/media?parent=1766"}],"wp:term":[{"taxonomy":"category","embeddable":true,"href":"https:\/\/www.slavonski-planinari.hr\/arhiva\/wp-json\/wp\/v2\/categories?post=1766"},{"taxonomy":"post_tag","embeddable":true,"href":"https:\/\/www.slavonski-planinari.hr\/arhiva\/wp-json\/wp\/v2\/tags?post=1766"}],"curies":[{"name":"wp","href":"https:\/\/api.w.org\/{rel}","templated":true}]}}