{"id":1761,"date":"2013-10-24T11:53:00","date_gmt":"2013-10-24T10:53:00","guid":{"rendered":"https:\/\/www.slavonski-planinari.hr\/arhiva\/?p=1761"},"modified":"2023-01-03T11:56:11","modified_gmt":"2023-01-03T10:56:11","slug":"kutjevacko-martinje-2013","status":"publish","type":"post","link":"https:\/\/www.slavonski-planinari.hr\/arhiva\/kutjevacko-martinje-2013\/","title":{"rendered":"Kutjeva\u010dko Martinje 2013."},"content":{"rendered":"<p>[et_pb_section fb_built=&#8221;1&#8243; theme_builder_area=&#8221;post_content&#8221; _builder_version=&#8221;4.19.4&#8243; _module_preset=&#8221;default&#8221;][et_pb_row _builder_version=&#8221;4.19.4&#8243; _module_preset=&#8221;default&#8221; theme_builder_area=&#8221;post_content&#8221;][et_pb_column _builder_version=&#8221;4.19.4&#8243; _module_preset=&#8221;default&#8221; type=&#8221;4_4&#8243; theme_builder_area=&#8221;post_content&#8221;][et_pb_text _builder_version=&#8221;4.19.4&#8243; _module_preset=&#8221;default&#8221; theme_builder_area=&#8221;post_content&#8221; hover_enabled=&#8221;0&#8243; sticky_enabled=&#8221;0&#8243;]<\/p>\n<div class=\"itemIntroText\">\n<p><span><img loading=\"lazy\" decoding=\"async\" src=\"https:\/\/www.slavonski-planinari.hr\/arhiva\/wp-content\/uploads\/2023\/01\/vidim_logo.jpg\" width=\"82\" height=\"55\" alt=\"\" class=\"wp-image-1538 alignleft size-full\" \/>Grad Kutjevo, TZ grada Kutjeva, HPD &#8220;Vidim&#8221; Kutjevo, Kutjeva\u010dki vinari i Kutjevo d.d. PK Agroturizam pozivaju Vas u dane 09. i 10. studenog 2013. godine (subota i nedjelja) u prigodi Sv. Martina na 16. tradicionalni izlet za planinare, izletnike i sve ljubitelje vrhunske kutjeva\u010dke vinske kapljice na\u00a0<\/span><strong>Kutjeva\u010dko Martinje 2013.<\/strong><\/p>\n<\/div>\n<div class=\"itemFullText\">\n<p>&nbsp;<\/p>\n<p><strong>Program:<\/strong><\/p>\n<p><strong>09.11.2013. (subota)<\/strong><\/p>\n<ul>\n<li><span>10:00 &#8211; okupljanje planinara i ostalih izletnika i gostiju<\/span><\/li>\n<li><span>10:30 \u2013 planinarski izlet \u2013 markirana staza<\/span><\/li>\n<li><span>16:00 \u2013 otvoreni podrumi ( obilasci )<\/span><\/li>\n<li><span>18,00 &#8211; \u00a0paljenje velike vatre i po\u010detak pe\u010denja vola na ra\u017enju<\/span><\/li>\n<li><span>18,15 \u2013 glazbeni program\u00a0<\/span><\/li>\n<\/ul>\n<p><strong>10.11.2013. (nedjelja)<\/strong><\/p>\n<ul>\n<li><span>08,30 \u2013 09,30 \u2013 budnica i prigodni do\u010dek planinara \u2013 Puha\u010dki orkestar KUTJEVO<br \/>okupljanje planinara i izletnika\u00a0<br \/>prijava i upis u knjigu gostiju dru\u0161tva na \u0161tandu HPD Vidim \u00a0\u00a0<br \/>tradicionalna slavonska okrjepa za planinare, izletnike i goste<\/span><\/li>\n<li><span>09,45 \u2013 pozdravne rije\u010di dobrodo\u0161lice doma\u0107ina<\/span><\/li>\n<li><span>10,00 \u2013 polazak na planinarski izlet \u2013 3 staze uz vodi\u010de<\/span><\/li>\n<li><span>11,00 \u2013 sv. Misa u crkvi \u017dupe ro\u0111enja BDM\u00a0<br \/>obilazak otvorenih podruma<\/span><\/li>\n<li><span>14:00 \u2013 povratak i okupljanje izletnika i po\u010detak zabavnog programa\u00a0<br \/>dru\u017eenje sa vinskim bi\u0161kupima \u00a0<\/span><\/li>\n<li><span>14,30 &#8211; povorka \u2013 carica Marija Terezija i Franjo barun Trenk\u00a0<\/span><span>uz pratnju KUD-ova i vinara<\/span><\/li>\n<li><span>14,45 \u2013 glazbeni program ( tambura\u0161ki sastavi i KUD-ovi )\u00a0<\/span><\/li>\n<li><span>15,00 \u2013 prigodno otvorenje \u00a0Martinja u Kutjevu \u2013 pozdravne rije\u010di\u00a0<\/span><span>\u00a0gradona\u010delnika i gostiju<\/span><\/li>\n<li><span>16,00 \u2013 program kr\u0161tenja mo\u0161ta uz dovoz ba\u010dve u fijakeru \u00a0 \u00a0 \u00a0 \u00a0<\/span><\/li>\n<li><span>16,00 \u2013 nastavak glazbenog programa<\/span><\/li>\n<\/ul>\n<p><span>UZ VRHUNSKU GLAZBU I BOGATU ENO-GASTRO PONUDU<\/span><\/p>\n<p><img loading=\"lazy\" decoding=\"async\" src=\"https:\/\/www.slavonski-planinari.hr\/arhiva\/wp-content\/uploads\/2023\/01\/martinje1.jpg\" width=\"700\" height=\"495\" alt=\"\" class=\"wp-image-1764 aligncenter size-full\" srcset=\"https:\/\/www.slavonski-planinari.hr\/arhiva\/wp-content\/uploads\/2023\/01\/martinje1.jpg 700w, https:\/\/www.slavonski-planinari.hr\/arhiva\/wp-content\/uploads\/2023\/01\/martinje1-480x339.jpg 480w\" sizes=\"(min-width: 0px) and (max-width: 480px) 480px, (min-width: 481px) 700px, 100vw\" \/><\/p>\n<p>&nbsp;<\/p>\n<p><span>Mogu\u0107nost smje\u0161taja<\/span>:\u00a0<\/p>\n<p>\u2022 Vinska ku\u0107a Majeti\u0107, Venje, tel: 034\/255-450<br \/><span>\u2022 Preno\u0107i\u0161te Enjingi, Hrnjevac i Venje, tel: 034\/255-200; 034\/255-201<br \/><\/span><span>\u2022 Restoran Sch\u00f6n Blick, Vetovo, tel: 034\/267-108<br \/><\/span><span>\u2022 Preno\u0107i\u0161te Denis, Velika 098 362 331<br \/><\/span><span>\u2022 Vila \u0160tefica, Velika, tel: 034\/233-501<br \/><\/span><span>\u2022 Preno\u0107i\u0161te i restoran Barun Trenk, Velika, tel: 034\/236-345<br \/><\/span><span>\u2022 Ugostiteljstvo Bagi, Po\u017eega, tel: 034\/271-688<br \/><\/span><span>\u2022 Hotel Grgin Dol, Po\u017eega, \u00a0tel: 034\/273-222<br \/><\/span><span>\u2022 Vila Stani\u0161i\u0107, Po\u017eega, tel: 034\/312-168<br \/><\/span><span>\u2022 Calimero, Po\u017eega, tel: 034\/211-613<br \/><\/span><span>\u2022 Pansion Villa Maria, Po\u017eega, tel: 034\/271-271<\/span><\/p>\n<p><span>Ukoliko imate kakvih dodatnih pitanja slobodno nam se obratite.<\/span><\/p>\n<p><span>091\/545-9153, e-mail:\u00a0<span id=\"cloak2895b9d580245e38ec5c6e79331093c1\"><a href=\"mailto:info@pd-vidim.hr\">info@pd-vidim.hr<\/a><\/span><\/span><\/p>\n<p>(Koren Antun, predsjednik HPD Vidim) \u00a0gdje \u0107ete dobiti sve potrebne informacije.\u00a0<\/p>\n<p>099\/810-0045, 034\/255-288, fax 034\/255-093, e-mail:<span>\u00a0<\/span><span id=\"cloak12ae81ae51f89895fdb0a4cf280e07df\"><a href=\"mailto:tz@kutjevo.hr\">tz@kutjevo.hr<\/a><\/span>\u00a0<\/p>\n<p>(Tandara Marijana, djelatnica TZ Grada Kutjeva)\u00a0<\/p>\n<p><img loading=\"lazy\" decoding=\"async\" src=\"https:\/\/www.slavonski-planinari.hr\/arhiva\/wp-content\/uploads\/2023\/01\/martinje.jpg\" width=\"700\" height=\"991\" alt=\"\" class=\"wp-image-1763 aligncenter size-full\" srcset=\"https:\/\/www.slavonski-planinari.hr\/arhiva\/wp-content\/uploads\/2023\/01\/martinje.jpg 700w, https:\/\/www.slavonski-planinari.hr\/arhiva\/wp-content\/uploads\/2023\/01\/martinje-480x680.jpg 480w\" sizes=\"(min-width: 0px) and (max-width: 480px) 480px, (min-width: 481px) 700px, 100vw\" \/><\/p>\n<\/div>\n<p>[\/et_pb_text][\/et_pb_column][\/et_pb_row][\/et_pb_section]<\/p>\n","protected":false},"excerpt":{"rendered":"<p>Grad Kutjevo, TZ grada Kutjeva, HPD &#8220;Vidim&#8221; Kutjevo, Kutjeva\u010dki vinari i Kutjevo d.d. PK Agroturizam pozivaju Vas u dane 09. i 10. studenog 2013. godine (subota i nedjelja) u prigodi Sv. Martina na 16. tradicionalni izlet za planinare, izletnike i sve ljubitelje vrhunske kutjeva\u010dke vinske kapljice na\u00a0Kutjeva\u010dko Martinje 2013. &nbsp; Program: 09.11.2013. (subota) 10:00 &#8211; [&hellip;]<\/p>\n","protected":false},"author":1,"featured_media":0,"comment_status":"closed","ping_status":"open","sticky":false,"template":"","format":"standard","meta":{"_et_pb_use_builder":"on","_et_pb_old_content":"","_et_gb_content_width":"1080","footnotes":""},"categories":[27],"tags":[],"class_list":["post-1761","post","type-post","status-publish","format-standard","hentry","category-27"],"_links":{"self":[{"href":"https:\/\/www.slavonski-planinari.hr\/arhiva\/wp-json\/wp\/v2\/posts\/1761","targetHints":{"allow":["GET"]}}],"collection":[{"href":"https:\/\/www.slavonski-planinari.hr\/arhiva\/wp-json\/wp\/v2\/posts"}],"about":[{"href":"https:\/\/www.slavonski-planinari.hr\/arhiva\/wp-json\/wp\/v2\/types\/post"}],"author":[{"embeddable":true,"href":"https:\/\/www.slavonski-planinari.hr\/arhiva\/wp-json\/wp\/v2\/users\/1"}],"replies":[{"embeddable":true,"href":"https:\/\/www.slavonski-planinari.hr\/arhiva\/wp-json\/wp\/v2\/comments?post=1761"}],"version-history":[{"count":0,"href":"https:\/\/www.slavonski-planinari.hr\/arhiva\/wp-json\/wp\/v2\/posts\/1761\/revisions"}],"wp:attachment":[{"href":"https:\/\/www.slavonski-planinari.hr\/arhiva\/wp-json\/wp\/v2\/media?parent=1761"}],"wp:term":[{"taxonomy":"category","embeddable":true,"href":"https:\/\/www.slavonski-planinari.hr\/arhiva\/wp-json\/wp\/v2\/categories?post=1761"},{"taxonomy":"post_tag","embeddable":true,"href":"https:\/\/www.slavonski-planinari.hr\/arhiva\/wp-json\/wp\/v2\/tags?post=1761"}],"curies":[{"name":"wp","href":"https:\/\/api.w.org\/{rel}","templated":true}]}}