{"id":1757,"date":"2013-10-24T11:51:00","date_gmt":"2013-10-24T10:51:00","guid":{"rendered":"https:\/\/www.slavonski-planinari.hr\/arhiva\/?p=1757"},"modified":"2023-01-03T11:53:29","modified_gmt":"2023-01-03T10:53:29","slug":"odrzan-tecaj-za-vodice","status":"publish","type":"post","link":"https:\/\/www.slavonski-planinari.hr\/arhiva\/odrzan-tecaj-za-vodice\/","title":{"rendered":"Odr\u017ean te\u010daj za vodi\u010de"},"content":{"rendered":"<p>[et_pb_section fb_built=&#8221;1&#8243; theme_builder_area=&#8221;post_content&#8221; _builder_version=&#8221;4.19.4&#8243; _module_preset=&#8221;default&#8221;][et_pb_row _builder_version=&#8221;4.19.4&#8243; _module_preset=&#8221;default&#8221; theme_builder_area=&#8221;post_content&#8221;][et_pb_column _builder_version=&#8221;4.19.4&#8243; _module_preset=&#8221;default&#8221; type=&#8221;4_4&#8243; theme_builder_area=&#8221;post_content&#8221;][et_pb_text _builder_version=&#8221;4.19.4&#8243; _module_preset=&#8221;default&#8221; theme_builder_area=&#8221;post_content&#8221; hover_enabled=&#8221;0&#8243; sticky_enabled=&#8221;0&#8243;]<\/p>\n<div style=\"text-align: justify;\">U planinarskom domu na Petrovom vrhu je 12.- 20. listopada odr\u017ean te\u010daj za planinarske vodi\u010de standarda A.<\/div>\n<div style=\"text-align: justify;\"><span>24 kandidata (3 iz Bjelovara, jedan iz Zagreba a ostali iz slavonskih dru\u0161tava) tijekom 2 vikenda su poha\u0111ala predavanja i prakti\u010dne ve\u017ebe.<\/span><\/div>\n<div class=\"itemFullText\" style=\"text-align: justify;\"><\/div>\n<div style=\"text-align: justify;\"><span>Sad im slijedi u\u010denje i utvr\u0111ivanje vodi\u010dkih sposobnosti do ispita koji \u0107e biti u 3. mjesecu 2014. Te\u010daj je organizirala Komisija za vodi\u010de HPS a voditelj je bio Darko Tosenberger.<\/span><\/div>\n<div style=\"text-align: justify;\"><span><img loading=\"lazy\" decoding=\"async\" src=\"https:\/\/www.slavonski-planinari.hr\/arhiva\/wp-content\/uploads\/2023\/01\/vodici.jpg\" width=\"700\" height=\"467\" alt=\"\" class=\"wp-image-1759 aligncenter size-full\" srcset=\"https:\/\/www.slavonski-planinari.hr\/arhiva\/wp-content\/uploads\/2023\/01\/vodici.jpg 700w, https:\/\/www.slavonski-planinari.hr\/arhiva\/wp-content\/uploads\/2023\/01\/vodici-480x320.jpg 480w\" sizes=\"(min-width: 0px) and (max-width: 480px) 480px, (min-width: 481px) 700px, 100vw\" \/><\/span><\/div>\n<p>[\/et_pb_text][\/et_pb_column][\/et_pb_row][\/et_pb_section]<\/p>\n","protected":false},"excerpt":{"rendered":"<p>U planinarskom domu na Petrovom vrhu je 12.- 20. listopada odr\u017ean te\u010daj za planinarske vodi\u010de standarda A. 24 kandidata (3 iz Bjelovara, jedan iz Zagreba a ostali iz slavonskih dru\u0161tava) tijekom 2 vikenda su poha\u0111ala predavanja i prakti\u010dne ve\u017ebe. Sad im slijedi u\u010denje i utvr\u0111ivanje vodi\u010dkih sposobnosti do ispita koji \u0107e biti u 3. mjesecu [&hellip;]<\/p>\n","protected":false},"author":1,"featured_media":0,"comment_status":"closed","ping_status":"open","sticky":false,"template":"","format":"standard","meta":{"_et_pb_use_builder":"on","_et_pb_old_content":"","_et_gb_content_width":"1080","footnotes":""},"categories":[27],"tags":[],"class_list":["post-1757","post","type-post","status-publish","format-standard","hentry","category-27"],"_links":{"self":[{"href":"https:\/\/www.slavonski-planinari.hr\/arhiva\/wp-json\/wp\/v2\/posts\/1757","targetHints":{"allow":["GET"]}}],"collection":[{"href":"https:\/\/www.slavonski-planinari.hr\/arhiva\/wp-json\/wp\/v2\/posts"}],"about":[{"href":"https:\/\/www.slavonski-planinari.hr\/arhiva\/wp-json\/wp\/v2\/types\/post"}],"author":[{"embeddable":true,"href":"https:\/\/www.slavonski-planinari.hr\/arhiva\/wp-json\/wp\/v2\/users\/1"}],"replies":[{"embeddable":true,"href":"https:\/\/www.slavonski-planinari.hr\/arhiva\/wp-json\/wp\/v2\/comments?post=1757"}],"version-history":[{"count":0,"href":"https:\/\/www.slavonski-planinari.hr\/arhiva\/wp-json\/wp\/v2\/posts\/1757\/revisions"}],"wp:attachment":[{"href":"https:\/\/www.slavonski-planinari.hr\/arhiva\/wp-json\/wp\/v2\/media?parent=1757"}],"wp:term":[{"taxonomy":"category","embeddable":true,"href":"https:\/\/www.slavonski-planinari.hr\/arhiva\/wp-json\/wp\/v2\/categories?post=1757"},{"taxonomy":"post_tag","embeddable":true,"href":"https:\/\/www.slavonski-planinari.hr\/arhiva\/wp-json\/wp\/v2\/tags?post=1757"}],"curies":[{"name":"wp","href":"https:\/\/api.w.org\/{rel}","templated":true}]}}