{"id":1750,"date":"2013-09-23T11:16:00","date_gmt":"2013-09-23T10:16:00","guid":{"rendered":"https:\/\/www.slavonski-planinari.hr\/arhiva\/?p=1750"},"modified":"2023-01-03T11:17:46","modified_gmt":"2023-01-03T10:17:46","slug":"planinarski-savez-vukovarsko-srijemske-zupanije","status":"publish","type":"post","link":"https:\/\/www.slavonski-planinari.hr\/arhiva\/planinarski-savez-vukovarsko-srijemske-zupanije\/","title":{"rendered":"Planinarski savez Vukovarsko-srijemske \u017eupanije"},"content":{"rendered":"<p>[et_pb_section fb_built=&#8221;1&#8243; theme_builder_area=&#8221;post_content&#8221; _builder_version=&#8221;4.19.4&#8243; _module_preset=&#8221;default&#8221;][et_pb_row _builder_version=&#8221;4.19.4&#8243; _module_preset=&#8221;default&#8221; theme_builder_area=&#8221;post_content&#8221;][et_pb_column _builder_version=&#8221;4.19.4&#8243; _module_preset=&#8221;default&#8221; type=&#8221;4_4&#8243; theme_builder_area=&#8221;post_content&#8221;][et_pb_text _builder_version=&#8221;4.19.4&#8243; _module_preset=&#8221;default&#8221; theme_builder_area=&#8221;post_content&#8221; hover_enabled=&#8221;0&#8243; sticky_enabled=&#8221;0&#8243;]<\/p>\n<p style=\"text-align: justify;\"><span>Nakon dosta pregovora a na inicijativu predstavnika planinarskih dru\u0161tava iz Vukovarsko-srijemske \u017eupanije PD &#8220;Dirov Brijeg&#8221; Vinkovci, HPD &#8220;Grac&#8221; Cerna i HPD &#8220;Tikvica&#8221; \u017dupanja pristupilo se osnivanju Planinarskog saveza Vukovarsko-srijemske \u017eupanije-PSVS\u017d.<\/span><\/p>\n<p style=\"text-align: justify;\">Osniva\u010dka skup\u0161tina PSVS\u017d odr\u017eana je 11.09.2008. u Cerni. Na Skup\u0161tini su prisustvovali: \u00a0Tomislav Bartolovi\u0107, Zlatko Beci\u0107, Robert Grgeti\u0107, Mirjana Malenica, Igor Na\u0111 svi iz PD \u201eDirov Brijeg\u201c. Iz HPD \u201eTikvica\u201c: Josip Dominkovi\u0107, \u0160imo Dominkovi\u0107, Jozo Jurki\u0107, Emilija Markovi\u0107, Mladen Stjepanovi\u0107, a iz HPD \u201eGrac\u201c Cerna Stjepan Blesi\u0107, Vlado Karali\u0107, \u017darko Kumburi\u0107, Damir Martinovski i Ilija Pavlovi\u0107. O tome je pisano u HP 10, 2010\/327 (autor Berislav Tkalac HPD \u201eTikvica\u201c \u017dupanja).\u00a0<\/p>\n<p style=\"text-align: justify;\">Za predsjednika PSVS\u017d \u00a0izabran je Igor Na\u0111 iz PD \u201eDirov Brijeg\u201c Vinkovci, dopredsjednik Mladen Stjepanovi\u0107 HPD\u201eTikvica\u201c \u017dupanja, a za tajnik-blagajnika Damir Martinovski \u00a0HPD\u201eGrac\u201c Cerna. Za \u00a0predsjednika Nadzornog odbora izabran je \u017darko Kumburi\u0107 HPD \u201eGrac\u201c Cerna, a za predsjednika Suda \u010dasti Jozo Jurki\u0107 HPD \u201eTikvica\u201c \u017dupanja. \u00a0<\/p>\n<p style=\"text-align: justify;\">U 2009. godini PSVS\u017d pridru\u017eila se HGSS Stanica Vinkovci, a 2010. godine i novo osnovano planinarsko dru\u0161tvo PD \u201eRavnica\u201c Vukovar. PD \u201eDirov brijeg\u201c Vinkovci preimenovano je u HPD \u201eDirov brijeg\u201c. \u00a0<\/p>\n<p style=\"text-align: justify;\">Druga izborna Skup\u0161tina PSVS\u017d odr\u017eana je 12.03.2013. godine u prostorijama HGSS Stanice Vinkovci. Na Skup\u0161tini su bili prisutni delegati ovih dru\u0161tava: Zlatko Beci\u0107, Igor Na\u0111-HGSS Stanica Vinkovci, Kre\u0161imir Kerek, Sandra Vali\u0107-PD \u201eRavnica\u201cVukovar, \u017darko Kumburi\u0107, Damir Martinovski-HPD \u201eGrac\u201c Cerna, Mirjana Malenica, Nevenka Milak-HPD \u201eDirov brijeg\u201c Vinkovci, Marko Miki\u0107 i Mladen Stjepanovi\u0107-HPD \u201eTikvica\u201c \u017dupanja.<\/p>\n<p style=\"text-align: justify;\">Za predsjednika je izabran Igor Na\u0111 HGSS Stanica Vinkovci, dopredsjednika Robert Grgeti\u0107 PD\u201eRavnica\u201c Vukovar a tajnica-blagajnica je Vesna Tunukovi\u0107 HPD\u201eDirov Brijeg\u201c Vinkovci. Predsjednik Nadzornog odbora je Marko Miki\u0107 HPD \u201eTikvica\u201c \u017dupanja. On ujedno obna\u0161a i du\u017enost predsjednika Suda \u010dasti prema odluci donesenoj na istoj skup\u0161tini.<\/p>\n<p style=\"text-align: justify;\">PSVS\u017d je \u010dlanica HPS-a i SPS-a. Za web stranicu Slavonskog planinarskog saveza podatke priredio i napisao Igor Na\u0111, predsjednik PSVS\u017d.<\/p>\n<p style=\"text-align: justify;\"><strong>Adresa<\/strong>: Bana Jela\u010di\u0107a 74 (p.p.116), 32100 Vinkovci<br \/><span><strong>OIB<\/strong>: 77726531223\u00a0<br \/><\/span><span><strong>\u017diro ra\u010dun<\/strong>: 2360000-1102043558<br \/><\/span><span><strong>Kontakt<\/strong>: Igor Na\u0111, 098-724-240,\u00a0<span id=\"cloakba43dca6477a4d1e862c381888e49786\"><a href=\"mailto:igor.nad@optinet.hr\">igor.nad@optinet.hr<\/a><\/span><\/span><\/p>\n<p>[\/et_pb_text][\/et_pb_column][\/et_pb_row][\/et_pb_section]<\/p>\n","protected":false},"excerpt":{"rendered":"<p>Nakon dosta pregovora a na inicijativu predstavnika planinarskih dru\u0161tava iz Vukovarsko-srijemske \u017eupanije PD &#8220;Dirov Brijeg&#8221; Vinkovci, HPD &#8220;Grac&#8221; Cerna i HPD &#8220;Tikvica&#8221; \u017dupanja pristupilo se osnivanju Planinarskog saveza Vukovarsko-srijemske \u017eupanije-PSVS\u017d. Osniva\u010dka skup\u0161tina PSVS\u017d odr\u017eana je 11.09.2008. u Cerni. Na Skup\u0161tini su prisustvovali: \u00a0Tomislav Bartolovi\u0107, Zlatko Beci\u0107, Robert Grgeti\u0107, Mirjana Malenica, Igor Na\u0111 svi iz PD [&hellip;]<\/p>\n","protected":false},"author":1,"featured_media":0,"comment_status":"closed","ping_status":"open","sticky":false,"template":"","format":"standard","meta":{"_et_pb_use_builder":"on","_et_pb_old_content":"","_et_gb_content_width":"1080","footnotes":""},"categories":[27],"tags":[],"class_list":["post-1750","post","type-post","status-publish","format-standard","hentry","category-27"],"_links":{"self":[{"href":"https:\/\/www.slavonski-planinari.hr\/arhiva\/wp-json\/wp\/v2\/posts\/1750","targetHints":{"allow":["GET"]}}],"collection":[{"href":"https:\/\/www.slavonski-planinari.hr\/arhiva\/wp-json\/wp\/v2\/posts"}],"about":[{"href":"https:\/\/www.slavonski-planinari.hr\/arhiva\/wp-json\/wp\/v2\/types\/post"}],"author":[{"embeddable":true,"href":"https:\/\/www.slavonski-planinari.hr\/arhiva\/wp-json\/wp\/v2\/users\/1"}],"replies":[{"embeddable":true,"href":"https:\/\/www.slavonski-planinari.hr\/arhiva\/wp-json\/wp\/v2\/comments?post=1750"}],"version-history":[{"count":0,"href":"https:\/\/www.slavonski-planinari.hr\/arhiva\/wp-json\/wp\/v2\/posts\/1750\/revisions"}],"wp:attachment":[{"href":"https:\/\/www.slavonski-planinari.hr\/arhiva\/wp-json\/wp\/v2\/media?parent=1750"}],"wp:term":[{"taxonomy":"category","embeddable":true,"href":"https:\/\/www.slavonski-planinari.hr\/arhiva\/wp-json\/wp\/v2\/categories?post=1750"},{"taxonomy":"post_tag","embeddable":true,"href":"https:\/\/www.slavonski-planinari.hr\/arhiva\/wp-json\/wp\/v2\/tags?post=1750"}],"curies":[{"name":"wp","href":"https:\/\/api.w.org\/{rel}","templated":true}]}}