{"id":1744,"date":"2013-09-18T11:11:00","date_gmt":"2013-09-18T10:11:00","guid":{"rendered":"https:\/\/www.slavonski-planinari.hr\/arhiva\/?p=1744"},"modified":"2023-01-03T11:12:45","modified_gmt":"2023-01-03T10:12:45","slug":"pd-ravnica-vukovar","status":"publish","type":"post","link":"https:\/\/www.slavonski-planinari.hr\/arhiva\/pd-ravnica-vukovar\/","title":{"rendered":"PD Ravnica, Vukovar"},"content":{"rendered":"<p>[et_pb_section fb_built=&#8221;1&#8243; theme_builder_area=&#8221;post_content&#8221; _builder_version=&#8221;4.19.4&#8243; _module_preset=&#8221;default&#8221;][et_pb_row _builder_version=&#8221;4.19.4&#8243; _module_preset=&#8221;default&#8221; theme_builder_area=&#8221;post_content&#8221;][et_pb_column _builder_version=&#8221;4.19.4&#8243; _module_preset=&#8221;default&#8221; type=&#8221;4_4&#8243; theme_builder_area=&#8221;post_content&#8221;][et_pb_text _builder_version=&#8221;4.19.4&#8243; _module_preset=&#8221;default&#8221; theme_builder_area=&#8221;post_content&#8221; hover_enabled=&#8221;0&#8243; sticky_enabled=&#8221;0&#8243;]<\/p>\n<p style=\"text-align: justify;\"><span>PD Ravnica osnovano je 6. travnja 2010. godine. Osniva\u010di Dru\u0161tva su Sandra Vali\u0107, Zoran\u00a0<\/span><span>Rokvi\u0107, Robert Grgeti\u0107 i Bla\u017eenka Duda\u0161.<\/span><\/p>\n<p style=\"text-align: justify;\">Prvi predsjednik je bio Zoran Rokvi\u0107 (2010.-2011.), drugi predsjednik je Sandra Vali\u0107 (od 2011.),\u00a0<span>prvi tajnik bila je Sandra Vali\u0107 (2010.-2011.), drugi tajnik je Kre\u0161imir Kerek (od 2011.).<\/span><\/p>\n<p style=\"text-align: justify;\">Dru\u0161tvo se za sastanke do rujna 2011. koristilo prostorijama Mirovne grupe mladih Dunav. Od\u00a0<span>rujna 2011. dru\u0161tveni se sastanci odvijaju u prostorima Hrvatskog vesla\u010dkog kluba Vukovar.<\/span><\/p>\n<p style=\"text-align: justify;\">PD Ravnica \u010dlanica je Hrvatskog planinarskog saveza, Slavonskog planinarskog saveza i\u00a0<span>Planinarskog saveza Vukovarsko-srijemske \u017eupanije.<\/span><\/p>\n<p style=\"text-align: justify;\">Od rujna 2011. dru\u0161tvo je uvr\u0161teno na popis organizacija od posebnog interesa za grad\u00a0<span>Vukovar.<\/span><\/p>\n<p style=\"text-align: justify;\">\u010cetiri \u010dlana dru\u0161tva aktivna su u djelovanju Hrvatske gorske slu\u017ebe spa\u0161avanja.\u00a0<span>Dru\u0161tvo kontinuirano radi na promicanju planinarskih djelatnosti i ostalih aktivnosti na\u00a0<\/span><span>otvorenom u svome kraju, pogotovo me\u0111u mladima, kao i afirmaciji svoga zavi\u010daja u\u00a0<\/span><span>planinarskoj zajednici. Primarni interes dru\u0161tva je okupljanje pojedinaca koji kroz na\u0161u platformu\u00a0<\/span><span>aktivnim radom mogu realizirati svoju ljubav prema planinarenju i boravku u prirodi kao stilu\u00a0<\/span><span>\u017eivota. \u010clanovi su raspolo\u017eivi lokalnoj zajednici za potrebe prevencije, za\u0161tite i spa\u0161avanja.\u00a0<\/span><span>Realizacija pje\u0161a\u010dkog puta koji \u0107e skladno povezati prirodne i povijesne znamenitosti grada\u00a0<\/span><span>Vukovara i njegove bli\u017ee okolice dugoro\u010dan je projekt prepoznat od gradskih vlasti.<\/span><\/p>\n<p style=\"text-align: justify;\"><strong>Kontakt<\/strong><\/p>\n<ul style=\"text-align: justify;\">\n<li><span>Adresa za po\u0161tu: PD Ravnica, Vo\u0107arska 31, 32 000 Vukovar<\/span><\/li>\n<li><span>E-mail:\u00a0<span id=\"cloakcc7307fa355226928baa45db840a7d4d\"><a href=\"mailto:ravnica.pd@gmail.com\">ravnica.pd@gmail.com<\/a><\/span><\/span><\/li>\n<li>Predsjednik: Robert Grgeti\u0107 mob: 098 525 779, tajnik: Sa\u0161a Atanasovski mob: 098 975 0904<\/li>\n<\/ul>\n<p style=\"text-align: justify;\"><strong>Aktivnosti<\/strong><\/p>\n<ul style=\"text-align: justify;\">\n<li><span>planinarstvo<\/span><\/li>\n<li><span>visokogorstvo<\/span><\/li>\n<li><span>planinske utrke i orijentacija<\/span><\/li>\n<li><span>ostale aktivnosti na otvorenom<\/span><\/li>\n<\/ul>\n<p style=\"text-align: justify;\"><strong>Ostali podaci<\/strong><\/p>\n<ul style=\"text-align: justify;\">\n<li><span>Mati\u010dni broj: 2650908<\/span><\/li>\n<li><span>OIB: 13516467839<\/span><\/li>\n<li><span>\u017diro ra\u010dun: 2500009 \u2014 1101327180<\/span><\/li>\n<li><span>Web: http:\/\/ravnica.thinking-garment.com<\/span><\/li>\n<li><span>Facebook: http:\/\/www.facebook.com\/pdravnica<\/span><\/li>\n<li><span>Twitter: http:\/\/twitter.com\/#!\/pd_ravnica<\/span><\/li>\n<\/ul>\n<p style=\"text-align: justify;\">U centru grada na Veleprometovoj robnoj ku\u0107i i na papirnici Papirus u tr\u017enom centru u Borovom\u00a0<span>naselju postavljen je info pano.<\/span><\/p>\n<p style=\"text-align: justify;\">Sastanci se odr\u017eavaju svakog prvog utorka u mjesecu u 20h u prostorijama HVK Vukovar,<\/p>\n<p style=\"text-align: justify;\">Parobrodarska 5. Ostalim utorcima po dogovoru organiziraju se tematski sastanci i dru\u017eenja.<\/p>\n<p>[\/et_pb_text][\/et_pb_column][\/et_pb_row][\/et_pb_section]<\/p>\n","protected":false},"excerpt":{"rendered":"<p>PD Ravnica osnovano je 6. travnja 2010. godine. Osniva\u010di Dru\u0161tva su Sandra Vali\u0107, Zoran\u00a0Rokvi\u0107, Robert Grgeti\u0107 i Bla\u017eenka Duda\u0161. Prvi predsjednik je bio Zoran Rokvi\u0107 (2010.-2011.), drugi predsjednik je Sandra Vali\u0107 (od 2011.),\u00a0prvi tajnik bila je Sandra Vali\u0107 (2010.-2011.), drugi tajnik je Kre\u0161imir Kerek (od 2011.). Dru\u0161tvo se za sastanke do rujna 2011. koristilo prostorijama [&hellip;]<\/p>\n","protected":false},"author":1,"featured_media":0,"comment_status":"closed","ping_status":"open","sticky":false,"template":"","format":"standard","meta":{"_et_pb_use_builder":"on","_et_pb_old_content":"","_et_gb_content_width":"1080","footnotes":""},"categories":[27],"tags":[],"class_list":["post-1744","post","type-post","status-publish","format-standard","hentry","category-27"],"_links":{"self":[{"href":"https:\/\/www.slavonski-planinari.hr\/arhiva\/wp-json\/wp\/v2\/posts\/1744","targetHints":{"allow":["GET"]}}],"collection":[{"href":"https:\/\/www.slavonski-planinari.hr\/arhiva\/wp-json\/wp\/v2\/posts"}],"about":[{"href":"https:\/\/www.slavonski-planinari.hr\/arhiva\/wp-json\/wp\/v2\/types\/post"}],"author":[{"embeddable":true,"href":"https:\/\/www.slavonski-planinari.hr\/arhiva\/wp-json\/wp\/v2\/users\/1"}],"replies":[{"embeddable":true,"href":"https:\/\/www.slavonski-planinari.hr\/arhiva\/wp-json\/wp\/v2\/comments?post=1744"}],"version-history":[{"count":0,"href":"https:\/\/www.slavonski-planinari.hr\/arhiva\/wp-json\/wp\/v2\/posts\/1744\/revisions"}],"wp:attachment":[{"href":"https:\/\/www.slavonski-planinari.hr\/arhiva\/wp-json\/wp\/v2\/media?parent=1744"}],"wp:term":[{"taxonomy":"category","embeddable":true,"href":"https:\/\/www.slavonski-planinari.hr\/arhiva\/wp-json\/wp\/v2\/categories?post=1744"},{"taxonomy":"post_tag","embeddable":true,"href":"https:\/\/www.slavonski-planinari.hr\/arhiva\/wp-json\/wp\/v2\/tags?post=1744"}],"curies":[{"name":"wp","href":"https:\/\/api.w.org\/{rel}","templated":true}]}}