{"id":1732,"date":"2013-09-04T10:57:00","date_gmt":"2013-09-04T09:57:00","guid":{"rendered":"https:\/\/www.slavonski-planinari.hr\/arhiva\/?p=1732"},"modified":"2023-01-03T10:59:13","modified_gmt":"2023-01-03T09:59:13","slug":"dan-slavonske-sume","status":"publish","type":"post","link":"https:\/\/www.slavonski-planinari.hr\/arhiva\/dan-slavonske-sume\/","title":{"rendered":"Dan Slavonske \u0161ume"},"content":{"rendered":"<p>[et_pb_section fb_built=&#8221;1&#8243; theme_builder_area=&#8221;post_content&#8221; _builder_version=&#8221;4.19.4&#8243; _module_preset=&#8221;default&#8221;][et_pb_row _builder_version=&#8221;4.19.4&#8243; _module_preset=&#8221;default&#8221; theme_builder_area=&#8221;post_content&#8221;][et_pb_column _builder_version=&#8221;4.19.4&#8243; _module_preset=&#8221;default&#8221; type=&#8221;4_4&#8243; theme_builder_area=&#8221;post_content&#8221;][et_pb_text _builder_version=&#8221;4.19.4&#8243; _module_preset=&#8221;default&#8221; theme_builder_area=&#8221;post_content&#8221; hover_enabled=&#8221;0&#8243; sticky_enabled=&#8221;0&#8243;]<\/p>\n<div class=\"itemIntroText\">\n<p style=\"text-align: justify;\"><img loading=\"lazy\" decoding=\"async\" src=\"https:\/\/www.slavonski-planinari.hr\/arhiva\/wp-content\/uploads\/2023\/01\/nasice.jpg\" width=\"200\" height=\"133\" alt=\"\" class=\"wp-image-1734 alignleft size-full\" \/>Planinarsko dru\u0161tvo &#8220;Krndija&#8221; Na\u0161ice poziva sva planinarska dru\u0161tva u Slavoniji, pa i \u0161ire da se odazovu na festival Dana Slavonske \u0161ume koji \u0107e se odr\u017eati od petka, 06. IX do nedjelje 08. IX 2013.\u00a0<\/p>\n<\/div>\n<div class=\"itemFullText\">\n<p style=\"text-align: justify;\">\u00a0<span>Smje\u0161taj planinara je u Velikom parku pored Dorinog paviljona kraj jezera uz mogu\u0107nost postavljanja \u0161atora u smislu bivka (za one koji \u017eele ostati na no\u0107enju).<\/span><\/p>\n<p style=\"text-align: justify;\"><span>Parkirali\u0161te osigurano u samom parku.\u00a0<\/span><\/p>\n<p style=\"text-align: justify;\"><span>O\u010dekuje vas dobra gastronomska ponuda i veselice uz pozornicu pokraj dvorca. Subota je udarni Dan!\u00a0<\/span><\/p>\n<p style=\"text-align: center;\"><strong><span>S rado\u0161\u0107u vas o\u010dekujemo!<\/span><\/strong><\/p>\n<\/div>\n<p>[\/et_pb_text][\/et_pb_column][\/et_pb_row][\/et_pb_section]<\/p>\n","protected":false},"excerpt":{"rendered":"<p>Planinarsko dru\u0161tvo &#8220;Krndija&#8221; Na\u0161ice poziva sva planinarska dru\u0161tva u Slavoniji, pa i \u0161ire da se odazovu na festival Dana Slavonske \u0161ume koji \u0107e se odr\u017eati od petka, 06. IX do nedjelje 08. IX 2013.\u00a0 \u00a0Smje\u0161taj planinara je u Velikom parku pored Dorinog paviljona kraj jezera uz mogu\u0107nost postavljanja \u0161atora u smislu bivka (za one koji [&hellip;]<\/p>\n","protected":false},"author":1,"featured_media":0,"comment_status":"closed","ping_status":"open","sticky":false,"template":"","format":"standard","meta":{"_et_pb_use_builder":"on","_et_pb_old_content":"","_et_gb_content_width":"1080","footnotes":""},"categories":[27],"tags":[],"class_list":["post-1732","post","type-post","status-publish","format-standard","hentry","category-27"],"_links":{"self":[{"href":"https:\/\/www.slavonski-planinari.hr\/arhiva\/wp-json\/wp\/v2\/posts\/1732","targetHints":{"allow":["GET"]}}],"collection":[{"href":"https:\/\/www.slavonski-planinari.hr\/arhiva\/wp-json\/wp\/v2\/posts"}],"about":[{"href":"https:\/\/www.slavonski-planinari.hr\/arhiva\/wp-json\/wp\/v2\/types\/post"}],"author":[{"embeddable":true,"href":"https:\/\/www.slavonski-planinari.hr\/arhiva\/wp-json\/wp\/v2\/users\/1"}],"replies":[{"embeddable":true,"href":"https:\/\/www.slavonski-planinari.hr\/arhiva\/wp-json\/wp\/v2\/comments?post=1732"}],"version-history":[{"count":0,"href":"https:\/\/www.slavonski-planinari.hr\/arhiva\/wp-json\/wp\/v2\/posts\/1732\/revisions"}],"wp:attachment":[{"href":"https:\/\/www.slavonski-planinari.hr\/arhiva\/wp-json\/wp\/v2\/media?parent=1732"}],"wp:term":[{"taxonomy":"category","embeddable":true,"href":"https:\/\/www.slavonski-planinari.hr\/arhiva\/wp-json\/wp\/v2\/categories?post=1732"},{"taxonomy":"post_tag","embeddable":true,"href":"https:\/\/www.slavonski-planinari.hr\/arhiva\/wp-json\/wp\/v2\/tags?post=1732"}],"curies":[{"name":"wp","href":"https:\/\/api.w.org\/{rel}","templated":true}]}}