{"id":1722,"date":"2013-08-01T10:50:00","date_gmt":"2013-08-01T09:50:00","guid":{"rendered":"https:\/\/www.slavonski-planinari.hr\/arhiva\/?p=1722"},"modified":"2023-01-03T10:53:19","modified_gmt":"2023-01-03T09:53:19","slug":"38-slet-planinara-slavonije","status":"publish","type":"post","link":"https:\/\/www.slavonski-planinari.hr\/arhiva\/38-slet-planinara-slavonije\/","title":{"rendered":"38. slet planinara Slavonije"},"content":{"rendered":"<p>[et_pb_section fb_built=&#8221;1&#8243; theme_builder_area=&#8221;post_content&#8221; _builder_version=&#8221;4.19.4&#8243; _module_preset=&#8221;default&#8221;][et_pb_row _builder_version=&#8221;4.19.4&#8243; _module_preset=&#8221;default&#8221; theme_builder_area=&#8221;post_content&#8221;][et_pb_column _builder_version=&#8221;4.19.4&#8243; _module_preset=&#8221;default&#8221; type=&#8221;4_4&#8243; theme_builder_area=&#8221;post_content&#8221;][et_pb_text _builder_version=&#8221;4.19.4&#8243; _module_preset=&#8221;default&#8221; theme_builder_area=&#8221;post_content&#8221; hover_enabled=&#8221;0&#8243; sticky_enabled=&#8221;0&#8243;]<\/p>\n<div class=\"itemIntroText\">\n<p style=\"text-align: justify;\"><img loading=\"lazy\" decoding=\"async\" src=\"https:\/\/www.slavonski-planinari.hr\/arhiva\/wp-content\/uploads\/2023\/01\/ribnjak1.png\" width=\"146\" height=\"98\" alt=\"\" class=\"wp-image-1725 alignleft size-full\" \/>Hrvatsko planinarsko dru\u0161tvo &#8220;<span>Papuk&#8221; Virovitica i\u00a0<\/span><span>Slavonski planinarski savez\u00a0<\/span><span>u ozra\u010dju jubileja\u00a0<\/span><span>85 godina HPD \u00bbPAPUK\u00ab Virovitica\u00a0<\/span><span>pozivaju Vas na\u00a0<\/span><span>38. SLET\u00a0<\/span><span>PLANINARA SLAVONIJE, koji \u0107e se odr\u017eati u nedjelju,\u00a0<\/span><span>1. rujna 2013.na Viroviti\u010dkim ribnjacima.<\/span><\/p>\n<\/div>\n<div class=\"itemFullText\">\n<p style=\"text-align: justify;\">\n<p style=\"text-align: justify;\"><strong><span>PROGRAM:<\/span><\/strong><\/p>\n<ul style=\"text-align: justify;\">\n<li><span>8,00 &#8211; 9,00 OKUPLJANJE NA VIROVITI\u010cKIM RIBNJACIMA<\/span><\/li>\n<li><span>9,00 POZDRAVNA RIJE\u010c DOMA\u0106INA POLAZAK NA STAZE<br \/>(u ponudi su dvije staze po 3 sata hoda s osiguranim vodi\u010dima)<br \/>za goste koji \u017eele manje hodati postoji mogu\u0107nost \u0161etnje oko\u00a0<\/span><span>Viroviti\u010dkih ribnjaka u trajanju oko jedan sat<\/span><\/li>\n<li><span>od 13,00 RU\u010cAK<\/span><\/li>\n<li><span>od 14,30 rekreativno zabavni program (natjecanje u starim sportovima:<br \/>potezanje konopa, bacanje potkove, trka u vre\u010dama ..itd)<\/span><\/li>\n<\/ul>\n<p style=\"text-align: justify;\"><img loading=\"lazy\" decoding=\"async\" src=\"https:\/\/www.slavonski-planinari.hr\/arhiva\/wp-content\/uploads\/2023\/01\/ribnjak2.png\" width=\"600\" height=\"400\" alt=\"\" class=\"wp-image-1726 aligncenter size-full\" srcset=\"https:\/\/www.slavonski-planinari.hr\/arhiva\/wp-content\/uploads\/2023\/01\/ribnjak2.png 600w, https:\/\/www.slavonski-planinari.hr\/arhiva\/wp-content\/uploads\/2023\/01\/ribnjak2-480x320.png 480w\" sizes=\"(min-width: 0px) and (max-width: 480px) 480px, (min-width: 481px) 600px, 100vw\" \/><\/p>\n<p style=\"text-align: justify;\"><span>Cijeli program prati \u017eiva glazba.<\/span><\/p>\n<p style=\"text-align: justify;\"><span>Molimo sva planinarska dru\u0161tva da pravovremeno, najkasnije do 24.08.2013., prijave svoj dolazak radi organizacije prehrane i druge logistike.<\/span><\/p>\n<p style=\"text-align: justify;\"><span>INFORMACIJE I PRIJAVE:<\/span><\/p>\n<ul style=\"text-align: justify;\">\n<li><span>Vladimir Subota 098 1684839 (HPD Papuk)<br \/><\/span><\/li>\n<li><span>Zlatko Ple\u0161ko 098 1378306 (HPD Papuk)<br \/><\/span><\/li>\n<li><span>Otmar Tosenberger 091 1814119 (SPS)<br \/><\/span><\/li>\n<li><span>e-mail:\u00a0<span id=\"cloak47fbe8e0b38316814784a3cb693d05dc\"><a href=\"mailto:slavonski.planinari@gmail.com\">slavonski.planinari@gmail.com<\/a><\/span><\/span><\/li>\n<\/ul>\n<p style=\"text-align: justify;\"><img loading=\"lazy\" decoding=\"async\" src=\"https:\/\/www.slavonski-planinari.hr\/arhiva\/wp-content\/uploads\/2023\/01\/mapa.jpg\" width=\"600\" height=\"766\" alt=\"\" class=\"wp-image-1724 aligncenter size-full\" srcset=\"https:\/\/www.slavonski-planinari.hr\/arhiva\/wp-content\/uploads\/2023\/01\/mapa.jpg 600w, https:\/\/www.slavonski-planinari.hr\/arhiva\/wp-content\/uploads\/2023\/01\/mapa-480x613.jpg 480w\" sizes=\"(min-width: 0px) and (max-width: 480px) 480px, (min-width: 481px) 600px, 100vw\" \/><\/p>\n<\/div>\n<p>[\/et_pb_text][\/et_pb_column][\/et_pb_row][\/et_pb_section]<\/p>\n","protected":false},"excerpt":{"rendered":"<p>Hrvatsko planinarsko dru\u0161tvo &#8220;Papuk&#8221; Virovitica i\u00a0Slavonski planinarski savez\u00a0u ozra\u010dju jubileja\u00a085 godina HPD \u00bbPAPUK\u00ab Virovitica\u00a0pozivaju Vas na\u00a038. SLET\u00a0PLANINARA SLAVONIJE, koji \u0107e se odr\u017eati u nedjelju,\u00a01. rujna 2013.na Viroviti\u010dkim ribnjacima. PROGRAM: 8,00 &#8211; 9,00 OKUPLJANJE NA VIROVITI\u010cKIM RIBNJACIMA 9,00 POZDRAVNA RIJE\u010c DOMA\u0106INA POLAZAK NA STAZE(u ponudi su dvije staze po 3 sata hoda s osiguranim vodi\u010dima)za goste [&hellip;]<\/p>\n","protected":false},"author":1,"featured_media":0,"comment_status":"closed","ping_status":"open","sticky":false,"template":"","format":"standard","meta":{"_et_pb_use_builder":"on","_et_pb_old_content":"","_et_gb_content_width":"1080","footnotes":""},"categories":[27],"tags":[],"class_list":["post-1722","post","type-post","status-publish","format-standard","hentry","category-27"],"_links":{"self":[{"href":"https:\/\/www.slavonski-planinari.hr\/arhiva\/wp-json\/wp\/v2\/posts\/1722","targetHints":{"allow":["GET"]}}],"collection":[{"href":"https:\/\/www.slavonski-planinari.hr\/arhiva\/wp-json\/wp\/v2\/posts"}],"about":[{"href":"https:\/\/www.slavonski-planinari.hr\/arhiva\/wp-json\/wp\/v2\/types\/post"}],"author":[{"embeddable":true,"href":"https:\/\/www.slavonski-planinari.hr\/arhiva\/wp-json\/wp\/v2\/users\/1"}],"replies":[{"embeddable":true,"href":"https:\/\/www.slavonski-planinari.hr\/arhiva\/wp-json\/wp\/v2\/comments?post=1722"}],"version-history":[{"count":0,"href":"https:\/\/www.slavonski-planinari.hr\/arhiva\/wp-json\/wp\/v2\/posts\/1722\/revisions"}],"wp:attachment":[{"href":"https:\/\/www.slavonski-planinari.hr\/arhiva\/wp-json\/wp\/v2\/media?parent=1722"}],"wp:term":[{"taxonomy":"category","embeddable":true,"href":"https:\/\/www.slavonski-planinari.hr\/arhiva\/wp-json\/wp\/v2\/categories?post=1722"},{"taxonomy":"post_tag","embeddable":true,"href":"https:\/\/www.slavonski-planinari.hr\/arhiva\/wp-json\/wp\/v2\/tags?post=1722"}],"curies":[{"name":"wp","href":"https:\/\/api.w.org\/{rel}","templated":true}]}}