{"id":1718,"date":"2013-06-06T10:46:00","date_gmt":"2013-06-06T09:46:00","guid":{"rendered":"https:\/\/www.slavonski-planinari.hr\/arhiva\/?p=1718"},"modified":"2023-01-03T10:49:26","modified_gmt":"2023-01-03T09:49:26","slug":"obiljezavanje-dana-planine-krndije","status":"publish","type":"post","link":"https:\/\/www.slavonski-planinari.hr\/arhiva\/obiljezavanje-dana-planine-krndije\/","title":{"rendered":"Obilje\u017eavanje Dana planine Krndije"},"content":{"rendered":"<p>[et_pb_section fb_built=&#8221;1&#8243; theme_builder_area=&#8221;post_content&#8221; _builder_version=&#8221;4.19.4&#8243; _module_preset=&#8221;default&#8221; custom_padding=&#8221;||180px|||&#8221;][et_pb_row _builder_version=&#8221;4.19.4&#8243; _module_preset=&#8221;default&#8221; theme_builder_area=&#8221;post_content&#8221;][et_pb_column _builder_version=&#8221;4.19.4&#8243; _module_preset=&#8221;default&#8221; type=&#8221;4_4&#8243; theme_builder_area=&#8221;post_content&#8221;][et_pb_text _builder_version=&#8221;4.19.4&#8243; _module_preset=&#8221;default&#8221; theme_builder_area=&#8221;post_content&#8221; hover_enabled=&#8221;0&#8243; sticky_enabled=&#8221;0&#8243;]<\/p>\n<div class=\"itemIntroText\">\n<p style=\"text-align: justify;\"><img loading=\"lazy\" decoding=\"async\" src=\"https:\/\/www.slavonski-planinari.hr\/arhiva\/wp-content\/uploads\/2023\/01\/stjenjak.jpg\" width=\"200\" height=\"133\" alt=\"\" class=\"wp-image-1720 alignleft size-full\" \/>Planinarke i planinari pozivamo vas na susret &#8220;Dan planine Krndije&#8221; koji \u0107e se odr\u017eati u Orahovici dana 23. lipnja, a u sklopu otvaranja turisti\u010dke sezone u Orahovici.<\/p>\n<\/div>\n<div class=\"itemFullText\">\n<p style=\"text-align: justify;\">\u00a0<span>Okupljanje planinara je od 8.00 do 8.45 sati, na orahova\u010dkom jezeru \u2013 sada izleti\u0161te &#8220;Orah&#8221;. Nakon kratke pozdravne rije\u010di kre\u0107emo na izlet.<\/span><\/p>\n<p style=\"text-align: justify;\">Biti \u0107e organizirane dvije staze.<\/p>\n<p style=\"text-align: justify;\">Te\u017ea staza: Jezero \u2013 Stijenjak \u2013 Lukova\u010dko brdo \u2013 Antina spilja \u2013 Ru\u017eica grad \u2013 Jezero (predvidivo 5 sati hoda)<\/p>\n<p style=\"text-align: justify;\">Lak\u0161a staza: Jezero \u2013 Ru\u017eica grad \u2013 Stari grad \u2013 Jezero (predvidivo 3 sati hoda)<\/p>\n<p style=\"text-align: justify;\">Po povratku s izleta uz dru\u017eenje s planinarima gosti mogu razgledati turisti\u010dku ponudu grada Orahovice (predstavljanje mnogobrojnih orahova\u010dkih udruga, izbor miss Jezera i kupanje ako vrijeme dozvoli) , uz ponudu pi\u0107a u restoranima i voletinu s ra\u017enja (cca. 25 kn porcija) i mogu\u0107nost ro\u0161tiljanja na mjestu na\u0161eg predstavljanja.<\/p>\n<p style=\"text-align: justify;\">Dru\u017eimo se na na\u0161oj najstarijoj planini Krndiji.<\/p>\n<p style=\"text-align: justify;\"><strong>Dobro do\u0161li!<\/strong><\/p>\n<\/div>\n<p>[\/et_pb_text][\/et_pb_column][\/et_pb_row][\/et_pb_section]<\/p>\n","protected":false},"excerpt":{"rendered":"<p>Planinarke i planinari pozivamo vas na susret &#8220;Dan planine Krndije&#8221; koji \u0107e se odr\u017eati u Orahovici dana 23. lipnja, a u sklopu otvaranja turisti\u010dke sezone u Orahovici. \u00a0Okupljanje planinara je od 8.00 do 8.45 sati, na orahova\u010dkom jezeru \u2013 sada izleti\u0161te &#8220;Orah&#8221;. Nakon kratke pozdravne rije\u010di kre\u0107emo na izlet. Biti \u0107e organizirane dvije staze. Te\u017ea [&hellip;]<\/p>\n","protected":false},"author":1,"featured_media":0,"comment_status":"closed","ping_status":"open","sticky":false,"template":"","format":"standard","meta":{"_et_pb_use_builder":"on","_et_pb_old_content":"","_et_gb_content_width":"1080","footnotes":""},"categories":[27],"tags":[],"class_list":["post-1718","post","type-post","status-publish","format-standard","hentry","category-27"],"_links":{"self":[{"href":"https:\/\/www.slavonski-planinari.hr\/arhiva\/wp-json\/wp\/v2\/posts\/1718","targetHints":{"allow":["GET"]}}],"collection":[{"href":"https:\/\/www.slavonski-planinari.hr\/arhiva\/wp-json\/wp\/v2\/posts"}],"about":[{"href":"https:\/\/www.slavonski-planinari.hr\/arhiva\/wp-json\/wp\/v2\/types\/post"}],"author":[{"embeddable":true,"href":"https:\/\/www.slavonski-planinari.hr\/arhiva\/wp-json\/wp\/v2\/users\/1"}],"replies":[{"embeddable":true,"href":"https:\/\/www.slavonski-planinari.hr\/arhiva\/wp-json\/wp\/v2\/comments?post=1718"}],"version-history":[{"count":0,"href":"https:\/\/www.slavonski-planinari.hr\/arhiva\/wp-json\/wp\/v2\/posts\/1718\/revisions"}],"wp:attachment":[{"href":"https:\/\/www.slavonski-planinari.hr\/arhiva\/wp-json\/wp\/v2\/media?parent=1718"}],"wp:term":[{"taxonomy":"category","embeddable":true,"href":"https:\/\/www.slavonski-planinari.hr\/arhiva\/wp-json\/wp\/v2\/categories?post=1718"},{"taxonomy":"post_tag","embeddable":true,"href":"https:\/\/www.slavonski-planinari.hr\/arhiva\/wp-json\/wp\/v2\/tags?post=1718"}],"curies":[{"name":"wp","href":"https:\/\/api.w.org\/{rel}","templated":true}]}}