{"id":1713,"date":"2013-06-05T10:44:00","date_gmt":"2013-06-05T09:44:00","guid":{"rendered":"https:\/\/www.slavonski-planinari.hr\/arhiva\/?p=1713"},"modified":"2023-01-03T10:46:22","modified_gmt":"2023-01-03T09:46:22","slug":"20-antunovski-piknik","status":"publish","type":"post","link":"https:\/\/www.slavonski-planinari.hr\/arhiva\/20-antunovski-piknik\/","title":{"rendered":"20. Antunovski piknik"},"content":{"rendered":"<p>[et_pb_section fb_built=&#8221;1&#8243; theme_builder_area=&#8221;post_content&#8221; _builder_version=&#8221;4.19.4&#8243; _module_preset=&#8221;default&#8221; custom_padding=&#8221;||224px|||&#8221;][et_pb_row _builder_version=&#8221;4.19.4&#8243; _module_preset=&#8221;default&#8221; theme_builder_area=&#8221;post_content&#8221;][et_pb_column _builder_version=&#8221;4.19.4&#8243; _module_preset=&#8221;default&#8221; type=&#8221;4_4&#8243; theme_builder_area=&#8221;post_content&#8221;][et_pb_text _builder_version=&#8221;4.19.4&#8243; _module_preset=&#8221;default&#8221; theme_builder_area=&#8221;post_content&#8221; hover_enabled=&#8221;0&#8243; sticky_enabled=&#8221;0&#8243;]<\/p>\n<div class=\"itemIntroText\">\n<p style=\"text-align: justify;\"><img loading=\"lazy\" decoding=\"async\" src=\"https:\/\/www.slavonski-planinari.hr\/arhiva\/wp-content\/uploads\/2023\/01\/20-antunovski-piknik.jpg\" width=\"134\" height=\"89\" alt=\"\" class=\"wp-image-1715 alignleft size-full\" \/>Povodom proslave dana Grada Na\u0161ica, u nedjelju 09. lipnja 2013. godine, planinarsko dru\u0161tvo \u201eKrndija\u201c organizira tradicionalni i ove godine jubilarni 20. Antunovski piknik na izleti\u0161tu Paulinovac (KT-4 NPP).<\/p>\n<\/div>\n<div class=\"itemFullText\">\n<p style=\"text-align: justify;\">\u00a0<span>Mjesto okupljanja je u centru Na\u0161ica, ispred caffe bara Roko (KT-1 NPP) od 7,30 do 8,00 sati. Polazak je u 8,00 sati vlastitim prijevozom do izleti\u0161ta Paulinovac gdje \u0107e se vr\u0161iti prijave dru\u0161tava, uz mogu\u0107nost kupovine prigodnih materijala i bonova za ru\u010dak-\u010dobanac.<\/span><\/p>\n<p style=\"text-align: justify;\">Biti \u0107e organizirane dvije staze s po\u010detkom u 9 sati \u2013 kra\u0107a do Bedmegrada (KT-5 NPP i KT-18 SPP) i nazad, a du\u017ea trasom NPP-a. Za obje staze biti \u0107e osigurani planinarski vodi\u010di.<\/p>\n<p style=\"text-align: justify;\">Po povratku na Paulinovac predvi\u0111eno je veselo dru\u017eenje uz \u010dobanac i osvje\u017eavaju\u0107a pi\u0107a (ru\u010dak oko 13 sati).<\/p>\n<p style=\"text-align: justify;\">Radujemo se Va\u0161em dolasku i biti \u0107ete nam dragi gosti !<\/p>\n<\/div>\n<p>[\/et_pb_text][\/et_pb_column][\/et_pb_row][\/et_pb_section]<\/p>\n","protected":false},"excerpt":{"rendered":"<p>Povodom proslave dana Grada Na\u0161ica, u nedjelju 09. lipnja 2013. godine, planinarsko dru\u0161tvo \u201eKrndija\u201c organizira tradicionalni i ove godine jubilarni 20. Antunovski piknik na izleti\u0161tu Paulinovac (KT-4 NPP). \u00a0Mjesto okupljanja je u centru Na\u0161ica, ispred caffe bara Roko (KT-1 NPP) od 7,30 do 8,00 sati. Polazak je u 8,00 sati vlastitim prijevozom do izleti\u0161ta Paulinovac [&hellip;]<\/p>\n","protected":false},"author":1,"featured_media":0,"comment_status":"closed","ping_status":"open","sticky":false,"template":"","format":"standard","meta":{"_et_pb_use_builder":"on","_et_pb_old_content":"","_et_gb_content_width":"1080","footnotes":""},"categories":[27],"tags":[],"class_list":["post-1713","post","type-post","status-publish","format-standard","hentry","category-27"],"_links":{"self":[{"href":"https:\/\/www.slavonski-planinari.hr\/arhiva\/wp-json\/wp\/v2\/posts\/1713","targetHints":{"allow":["GET"]}}],"collection":[{"href":"https:\/\/www.slavonski-planinari.hr\/arhiva\/wp-json\/wp\/v2\/posts"}],"about":[{"href":"https:\/\/www.slavonski-planinari.hr\/arhiva\/wp-json\/wp\/v2\/types\/post"}],"author":[{"embeddable":true,"href":"https:\/\/www.slavonski-planinari.hr\/arhiva\/wp-json\/wp\/v2\/users\/1"}],"replies":[{"embeddable":true,"href":"https:\/\/www.slavonski-planinari.hr\/arhiva\/wp-json\/wp\/v2\/comments?post=1713"}],"version-history":[{"count":0,"href":"https:\/\/www.slavonski-planinari.hr\/arhiva\/wp-json\/wp\/v2\/posts\/1713\/revisions"}],"wp:attachment":[{"href":"https:\/\/www.slavonski-planinari.hr\/arhiva\/wp-json\/wp\/v2\/media?parent=1713"}],"wp:term":[{"taxonomy":"category","embeddable":true,"href":"https:\/\/www.slavonski-planinari.hr\/arhiva\/wp-json\/wp\/v2\/categories?post=1713"},{"taxonomy":"post_tag","embeddable":true,"href":"https:\/\/www.slavonski-planinari.hr\/arhiva\/wp-json\/wp\/v2\/tags?post=1713"}],"curies":[{"name":"wp","href":"https:\/\/api.w.org\/{rel}","templated":true}]}}