{"id":1706,"date":"2013-05-26T10:39:00","date_gmt":"2013-05-26T09:39:00","guid":{"rendered":"https:\/\/www.slavonski-planinari.hr\/arhiva\/?p=1706"},"modified":"2023-01-03T10:43:34","modified_gmt":"2023-01-03T09:43:34","slug":"sovsko-jezero-2013","status":"publish","type":"post","link":"https:\/\/www.slavonski-planinari.hr\/arhiva\/sovsko-jezero-2013\/","title":{"rendered":"Sovsko jezero 2013."},"content":{"rendered":"<p>[et_pb_section fb_built=&#8221;1&#8243; theme_builder_area=&#8221;post_content&#8221; _builder_version=&#8221;4.19.4&#8243; _module_preset=&#8221;default&#8221;][et_pb_row _builder_version=&#8221;4.19.4&#8243; _module_preset=&#8221;default&#8221; theme_builder_area=&#8221;post_content&#8221;][et_pb_column _builder_version=&#8221;4.19.4&#8243; _module_preset=&#8221;default&#8221; type=&#8221;4_4&#8243; theme_builder_area=&#8221;post_content&#8221;][et_pb_text _builder_version=&#8221;4.19.4&#8243; _module_preset=&#8221;default&#8221; theme_builder_area=&#8221;post_content&#8221; hover_enabled=&#8221;0&#8243; sticky_enabled=&#8221;0&#8243;]<\/p>\n<div class=\"itemIntroText\">\n<p style=\"text-align: justify;\"><img loading=\"lazy\" decoding=\"async\" src=\"https:\/\/www.slavonski-planinari.hr\/arhiva\/wp-content\/uploads\/2023\/01\/sokolovac.png\" width=\"96\" height=\"64\" alt=\"\" class=\"wp-image-1708 alignleft size-full\" \/>Po\u0161tovani slavonski planinari, pozivamo vas na susret planinara pjesnika i slikara &#8220;Sovsko jezero 2013.&#8221;, u\u00a0<span>\u00a0nedjelju, 2. lipnja 2013.<\/span><\/p>\n<p style=\"text-align: justify;\"><span>Pozivamo sve prijatelje &#8211; planinare, a osobito one koji se bave pjesni\u0161tvom ili rado crtaju i slikaju, da do\u0111u na Sovsko jezero.<\/span><\/p>\n<\/div>\n<div class=\"itemFullText\">\n<p style=\"text-align: justify;\"><span>U 9.30 organiziramo planinarski izlet u okru\u017eenje Sovskog jezera, a miting <\/span><span>poezije smo zakazali u 12 sati. Negdje oko 14 sati organiziramo\u00a0<\/span><span>izlo\u017ebu planinarske slikarske kolonije.<\/span><\/p>\n<p style=\"text-align: justify;\"><img loading=\"lazy\" decoding=\"async\" src=\"https:\/\/www.slavonski-planinari.hr\/arhiva\/wp-content\/uploads\/2023\/01\/sovsko_jezero_003.jpg\" width=\"517\" height=\"392\" alt=\"\" class=\"wp-image-1711 aligncenter size-full\" srcset=\"https:\/\/www.slavonski-planinari.hr\/arhiva\/wp-content\/uploads\/2023\/01\/sovsko_jezero_003.jpg 517w, https:\/\/www.slavonski-planinari.hr\/arhiva\/wp-content\/uploads\/2023\/01\/sovsko_jezero_003-480x364.jpg 480w\" sizes=\"(min-width: 0px) and (max-width: 480px) 480px, (min-width: 481px) 517px, 100vw\" \/><\/p>\n<p style=\"text-align: justify;\"><span>Oko 13.30 je planinarski\u00a0<\/span><span>ru\u010dak. Najuspje\u0161nijima \u0107emo predati nagrade, dru\u0161tvima i pojedincima\u00a0<\/span><span>zahvalnice.<\/span><\/p>\n<p style=\"text-align: justify;\"><img loading=\"lazy\" decoding=\"async\" src=\"https:\/\/www.slavonski-planinari.hr\/arhiva\/wp-content\/uploads\/2023\/01\/sovsko_jezero_002.jpg\" width=\"517\" height=\"392\" alt=\"\" class=\"wp-image-1710 aligncenter size-full\" srcset=\"https:\/\/www.slavonski-planinari.hr\/arhiva\/wp-content\/uploads\/2023\/01\/sovsko_jezero_002.jpg 517w, https:\/\/www.slavonski-planinari.hr\/arhiva\/wp-content\/uploads\/2023\/01\/sovsko_jezero_002-480x364.jpg 480w\" sizes=\"(min-width: 0px) and (max-width: 480px) 480px, (min-width: 481px) 517px, 100vw\" \/><\/p>\n<p style=\"text-align: justify;\"><span>Iako smo vrlo skromnih materijalnih prilika, za sva\u00a0<\/span><span>dru\u0161tva smo osigurali po zbirku s pro\u0161logodi\u0161njeg mitinga poezije.<\/span><\/p>\n<p style=\"text-align: justify;\"><img loading=\"lazy\" decoding=\"async\" src=\"https:\/\/www.slavonski-planinari.hr\/arhiva\/wp-content\/uploads\/2023\/01\/sovsko_jezero_001.jpg\" width=\"432\" height=\"584\" alt=\"\" class=\"wp-image-1709 aligncenter size-full\" srcset=\"https:\/\/www.slavonski-planinari.hr\/arhiva\/wp-content\/uploads\/2023\/01\/sovsko_jezero_001.jpg 432w, https:\/\/www.slavonski-planinari.hr\/arhiva\/wp-content\/uploads\/2023\/01\/sovsko_jezero_001-222x300.jpg 222w\" sizes=\"(max-width: 432px) 100vw, 432px\" \/><\/p>\n<p style=\"text-align: justify;\"><span>Srda\u010dno vas pozdravljamo i o\u010dekujemo!\u00a0<\/span><\/p>\n<p style=\"text-align: right;\"><span>Predsjednik HPD Sokolovac, dr. Antun Lovri\u0107<\/span><\/p>\n<\/div>\n<p>[\/et_pb_text][\/et_pb_column][\/et_pb_row][\/et_pb_section]<\/p>\n","protected":false},"excerpt":{"rendered":"<p>Po\u0161tovani slavonski planinari, pozivamo vas na susret planinara pjesnika i slikara &#8220;Sovsko jezero 2013.&#8221;, u\u00a0\u00a0nedjelju, 2. lipnja 2013. Pozivamo sve prijatelje &#8211; planinare, a osobito one koji se bave pjesni\u0161tvom ili rado crtaju i slikaju, da do\u0111u na Sovsko jezero. U 9.30 organiziramo planinarski izlet u okru\u017eenje Sovskog jezera, a miting poezije smo zakazali u [&hellip;]<\/p>\n","protected":false},"author":1,"featured_media":0,"comment_status":"closed","ping_status":"open","sticky":false,"template":"","format":"standard","meta":{"_et_pb_use_builder":"on","_et_pb_old_content":"","_et_gb_content_width":"1080","footnotes":""},"categories":[27],"tags":[],"class_list":["post-1706","post","type-post","status-publish","format-standard","hentry","category-27"],"_links":{"self":[{"href":"https:\/\/www.slavonski-planinari.hr\/arhiva\/wp-json\/wp\/v2\/posts\/1706","targetHints":{"allow":["GET"]}}],"collection":[{"href":"https:\/\/www.slavonski-planinari.hr\/arhiva\/wp-json\/wp\/v2\/posts"}],"about":[{"href":"https:\/\/www.slavonski-planinari.hr\/arhiva\/wp-json\/wp\/v2\/types\/post"}],"author":[{"embeddable":true,"href":"https:\/\/www.slavonski-planinari.hr\/arhiva\/wp-json\/wp\/v2\/users\/1"}],"replies":[{"embeddable":true,"href":"https:\/\/www.slavonski-planinari.hr\/arhiva\/wp-json\/wp\/v2\/comments?post=1706"}],"version-history":[{"count":0,"href":"https:\/\/www.slavonski-planinari.hr\/arhiva\/wp-json\/wp\/v2\/posts\/1706\/revisions"}],"wp:attachment":[{"href":"https:\/\/www.slavonski-planinari.hr\/arhiva\/wp-json\/wp\/v2\/media?parent=1706"}],"wp:term":[{"taxonomy":"category","embeddable":true,"href":"https:\/\/www.slavonski-planinari.hr\/arhiva\/wp-json\/wp\/v2\/categories?post=1706"},{"taxonomy":"post_tag","embeddable":true,"href":"https:\/\/www.slavonski-planinari.hr\/arhiva\/wp-json\/wp\/v2\/tags?post=1706"}],"curies":[{"name":"wp","href":"https:\/\/api.w.org\/{rel}","templated":true}]}}