{"id":1695,"date":"2013-05-20T10:32:00","date_gmt":"2013-05-20T09:32:00","guid":{"rendered":"https:\/\/www.slavonski-planinari.hr\/arhiva\/?p=1695"},"modified":"2023-01-03T10:34:41","modified_gmt":"2023-01-03T09:34:41","slug":"dan-pd-a-maliscak","status":"publish","type":"post","link":"https:\/\/www.slavonski-planinari.hr\/arhiva\/dan-pd-a-maliscak\/","title":{"rendered":"Dan PD-a Mali\u0161\u0107ak"},"content":{"rendered":"<p>[et_pb_section fb_built=&#8221;1&#8243; theme_builder_area=&#8221;post_content&#8221; _builder_version=&#8221;4.19.4&#8243; _module_preset=&#8221;default&#8221;][et_pb_row _builder_version=&#8221;4.19.4&#8243; _module_preset=&#8221;default&#8221; theme_builder_area=&#8221;post_content&#8221;][et_pb_column _builder_version=&#8221;4.19.4&#8243; _module_preset=&#8221;default&#8221; type=&#8221;4_4&#8243; theme_builder_area=&#8221;post_content&#8221;][et_pb_text _builder_version=&#8221;4.19.4&#8243; _module_preset=&#8221;default&#8221; theme_builder_area=&#8221;post_content&#8221; hover_enabled=&#8221;0&#8243; sticky_enabled=&#8221;0&#8243;]<\/p>\n<div class=\"itemIntroText\">\n<p style=\"text-align: justify;\"><img loading=\"lazy\" decoding=\"async\" src=\"https:\/\/www.slavonski-planinari.hr\/arhiva\/wp-content\/uploads\/2023\/01\/maliscak.jpg\" width=\"147\" height=\"98\" alt=\"\" class=\"wp-image-1697 alignleft size-full\" \/>Pozivamo Vas na 13. obljetnicu osnivanja Planinarskog dru\u0161tva \u201eMali\u0161\u0107ak\u201c koju obilje\u017eavamo kao\u00a0<span>\u201eDan PD-a Mali\u0161\u0107ak\u201c 24.-25. svibnja 2013.<\/span><\/p>\n<\/div>\n<div class=\"itemFullText\">\n<p style=\"text-align: justify;\"><span>U isto vrijeme se u Velikoj odr\u017eava me\u0111unarodna smotra\u00a0<\/span><span>folklora \u201e\u010cuvajmo obi\u010daje zavi\u010daja\u201c i u sklopu nje \u201eNajdu\u017ei stol u Hrvata\u201c te nam je cilj spojiti tu etno-<\/span><span>gastro manifestaciju s planinarskim uzbu\u0111enjima. \u017delja nam je ovaj doga\u0111aj u\u010diniti tradicionalnim te\u00a0<\/span><span>Vas pozivamo da nam svojim prisustvom u tome pomognete.<\/span><\/p>\n<h2 style=\"text-align: justify;\"><img loading=\"lazy\" decoding=\"async\" src=\"https:\/\/www.slavonski-planinari.hr\/arhiva\/wp-content\/uploads\/2023\/01\/program.jpg\" width=\"547\" height=\"271\" alt=\"\" class=\"wp-image-1698 aligncenter size-full\" srcset=\"https:\/\/www.slavonski-planinari.hr\/arhiva\/wp-content\/uploads\/2023\/01\/program.jpg 547w, https:\/\/www.slavonski-planinari.hr\/arhiva\/wp-content\/uploads\/2023\/01\/program-480x238.jpg 480w\" sizes=\"(min-width: 0px) and (max-width: 480px) 480px, (min-width: 481px) 547px, 100vw\" \/><\/h2>\n<p style=\"text-align: justify;\"><span>\u00a0<\/span><\/p>\n<p style=\"text-align: justify;\">Biti \u0107e osigurana mogu\u0107nost no\u0107enja subota\/nedjelja uz obaveznu prijavu! Ovisno o broju prijavljenih\u00a0<span>gostiju no\u0107enje \u0107e biti organizirano kao kamp ili sa smje\u0161tajem u lova\u010dkoj ku\u0107i.<\/span><\/p>\n<p style=\"text-align: justify;\"><strong>Kontakt osobe:<\/strong><\/p>\n<p style=\"text-align: justify;\">Tomislav Juri\u0107 \u2013 098\/166 1480<\/p>\n<p style=\"text-align: justify;\">Tomislav \u0160ebalj \u2013 091\/118 9901<\/p>\n<p style=\"text-align: right;\"><span>Tomislav Juri\u0107, predsjednik<\/span><\/p>\n<\/div>\n<p>[\/et_pb_text][\/et_pb_column][\/et_pb_row][\/et_pb_section]<\/p>\n","protected":false},"excerpt":{"rendered":"<p>Pozivamo Vas na 13. obljetnicu osnivanja Planinarskog dru\u0161tva \u201eMali\u0161\u0107ak\u201c koju obilje\u017eavamo kao\u00a0\u201eDan PD-a Mali\u0161\u0107ak\u201c 24.-25. svibnja 2013. U isto vrijeme se u Velikoj odr\u017eava me\u0111unarodna smotra\u00a0folklora \u201e\u010cuvajmo obi\u010daje zavi\u010daja\u201c i u sklopu nje \u201eNajdu\u017ei stol u Hrvata\u201c te nam je cilj spojiti tu etno-gastro manifestaciju s planinarskim uzbu\u0111enjima. \u017delja nam je ovaj doga\u0111aj u\u010diniti tradicionalnim [&hellip;]<\/p>\n","protected":false},"author":1,"featured_media":0,"comment_status":"closed","ping_status":"open","sticky":false,"template":"","format":"standard","meta":{"_et_pb_use_builder":"on","_et_pb_old_content":"","_et_gb_content_width":"1080","footnotes":""},"categories":[27],"tags":[],"class_list":["post-1695","post","type-post","status-publish","format-standard","hentry","category-27"],"_links":{"self":[{"href":"https:\/\/www.slavonski-planinari.hr\/arhiva\/wp-json\/wp\/v2\/posts\/1695","targetHints":{"allow":["GET"]}}],"collection":[{"href":"https:\/\/www.slavonski-planinari.hr\/arhiva\/wp-json\/wp\/v2\/posts"}],"about":[{"href":"https:\/\/www.slavonski-planinari.hr\/arhiva\/wp-json\/wp\/v2\/types\/post"}],"author":[{"embeddable":true,"href":"https:\/\/www.slavonski-planinari.hr\/arhiva\/wp-json\/wp\/v2\/users\/1"}],"replies":[{"embeddable":true,"href":"https:\/\/www.slavonski-planinari.hr\/arhiva\/wp-json\/wp\/v2\/comments?post=1695"}],"version-history":[{"count":0,"href":"https:\/\/www.slavonski-planinari.hr\/arhiva\/wp-json\/wp\/v2\/posts\/1695\/revisions"}],"wp:attachment":[{"href":"https:\/\/www.slavonski-planinari.hr\/arhiva\/wp-json\/wp\/v2\/media?parent=1695"}],"wp:term":[{"taxonomy":"category","embeddable":true,"href":"https:\/\/www.slavonski-planinari.hr\/arhiva\/wp-json\/wp\/v2\/categories?post=1695"},{"taxonomy":"post_tag","embeddable":true,"href":"https:\/\/www.slavonski-planinari.hr\/arhiva\/wp-json\/wp\/v2\/tags?post=1695"}],"curies":[{"name":"wp","href":"https:\/\/api.w.org\/{rel}","templated":true}]}}