{"id":1686,"date":"2013-05-08T10:23:00","date_gmt":"2013-05-08T09:23:00","guid":{"rendered":"https:\/\/www.slavonski-planinari.hr\/arhiva\/?p=1686"},"modified":"2023-01-03T10:28:57","modified_gmt":"2023-01-03T09:28:57","slug":"program-3-pohoda-slavonskim-planinama","status":"publish","type":"post","link":"https:\/\/www.slavonski-planinari.hr\/arhiva\/program-3-pohoda-slavonskim-planinama\/","title":{"rendered":"Program 3. Pohoda slavonskim planinama"},"content":{"rendered":"<p>[et_pb_section fb_built=&#8221;1&#8243; theme_builder_area=&#8221;post_content&#8221; _builder_version=&#8221;4.19.4&#8243; _module_preset=&#8221;default&#8221;][et_pb_row _builder_version=&#8221;4.19.4&#8243; _module_preset=&#8221;default&#8221; theme_builder_area=&#8221;post_content&#8221;][et_pb_column _builder_version=&#8221;4.19.4&#8243; _module_preset=&#8221;default&#8221; type=&#8221;4_4&#8243; theme_builder_area=&#8221;post_content&#8221;][et_pb_text _builder_version=&#8221;4.19.4&#8243; _module_preset=&#8221;default&#8221; theme_builder_area=&#8221;post_content&#8221; hover_enabled=&#8221;0&#8243; sticky_enabled=&#8221;0&#8243;]<\/p>\n<div class=\"itemIntroText\">\n<p style=\"text-align: justify;\"><span>Ako netko \u017eeli do\u0107i ve\u0107 u petak 17.05. i spavati u B. Drenovcu treba se obratiti Zdravku E\u0107imovi\u0107u (091\/731-5819).<\/span><\/p>\n<\/div>\n<div class=\"itemFullText\">\n<p style=\"text-align: justify;\">\n<h2 style=\"text-align: justify;\"><span>18.05. subota<\/span><\/h2>\n<ul style=\"text-align: justify;\">\n<li><span>7,00 \u00a0Okupljanje planinara u Brodskom Drenovcu ispred \u201e\u0160tamparovog zdenca\u201c, u sredi\u0161tu mjesta. \u00a0Ovdje je predvi\u0111eno ostavljanje vozila. Organizirani prijevoz voza\u010da \u0107e biti od planinarskog doma \u0110uro Pilar do Brodskog Drenovca i od Grgurovi\u0107a do B. Drenovca 1. dan, a 2.dan od Borovika do \u0110. Pilara i od Ljeskovca do \u0110. Pilara.<br \/>Pozdravna rije\u010d organizatora i otvaranja nove Pohoda<\/span><\/li>\n<li><span>7,30 \u00a0kre\u0107e se na pohod, u dvije grupe:<br \/>A) zahtjevnija &#8211; za one koji planiraju hodati cijelim putem do pl.doma\u00a0<br \/>B) prosje\u010dna &#8211; za one koji planiraju hodati do 6 sati; od B.Drenovca do \u010celikovi\u0107a<\/span><\/li>\n<\/ul>\n<p style=\"text-align: justify;\"><span><strong>Satnica prvog dana:<\/strong><\/span><\/p>\n<ul style=\"text-align: justify;\">\n<li><span>7:45 sati. Polazak svih planinara prema programu Pohoda. Kra\u0107a tura do Grgurevi\u0107a, 4,5 sata.\u00a0<\/span><\/li>\n<li><span>10:00 sati. Dolazak na KT 12, Crkva Sv. Martina u Lov\u010di\u0107u, i kra\u0107i odmor. Do ove KT mogu\u0107e je do\u0107i i vozilima.<\/span><\/li>\n<li><span>11:30 sati. Dolazak na prijevoj Gri\u017ei\u0107i (asfalt). Od Gri\u017ei\u0107a do \u0110ure Pilara je 6 sati hoda.<\/span><\/li>\n<li><span>12:30 sati. Dolazak u sela Grgurovi\u0107i-\u010celikovi\u0107i. Odmor i osvje\u017eenje na klupama kod crkve.\u00a0<\/span><\/li>\n<li><span>15:00 sati. Dolazak na KT 13, Pljuskara. Odmor i osvje\u017eenje kod planinarske ku\u0107e.<\/span><\/li>\n<li><span>17:45 sati. Dolazak na KT 14, \u0110uro Pilar, planinarski dom.<br \/>Svaka grupa \u0107e imati svoje vodi\u010de. Na mjestima ve\u0107ih pauza bit \u0107e ponu\u0111eni osvje\u017eavaju\u0107i napitci i \u010daj ako bude hladno. Onima koji to \u017eele, prevest \u0107e se prtljaga (presvlaka, hrana i sl) do odmori\u0161ta i kasnije do pl. doma. Organizirana prehrana tijekom dana nije predvi\u0111ena.\u00a0<\/span><\/li>\n<li><span>19,00 &#8211; 06,00 \u00a0ve\u010dera, dru\u017eenje i no\u0107enje u planinarskom domu \u0110uro Pilar\u00a0<\/span><\/li>\n<\/ul>\n<p style=\"text-align: justify;\">Dom ima ograni\u010den broj le\u017eaja koji \u0107e se popuniti prema pristiglim prijavama a ostali trebaju ponijeti prostirke i vre\u0107e za spavanje. Mogu\u0107nost kori\u0161tenja vanjskog ro\u0161tilja.<\/p>\n<p style=\"text-align: justify;\"><span>Najave no\u0107enja i prehrane na dolje navedenu e-mail adresu i kontakt do 15.05.2013.<\/span><\/p>\n<h2 style=\"text-align: justify;\"><span>19.05. nedjelja<\/span><\/h2>\n<p style=\"text-align: justify;\">A) zahtjevnija &#8211; za one koji planiraju hodati cijelim putem do Borovika<\/p>\n<p style=\"text-align: justify;\"><span>B) prosje\u010dna &#8211; za one koji planiraju hodati manje; od pl.doma do jezera Ljeskovac \u2013 4:30 sati ili do \u010cardaka 5:30 + povratak do Ljeskovca(pristup cestom) 1 sat<\/span><\/p>\n<p style=\"text-align: justify;\"><span><strong>Satnica drugoga dana:<\/strong><\/span><\/p>\n<ul style=\"text-align: justify;\">\n<li><span>7:00 sati. Polazak svih planinara prema programu Pohoda.\u00a0<\/span><\/li>\n<li><span>8:30 sati. Dolazak u Rastu\u0161je i \u010capljevik. Odmor i osvje\u017eenje na klupama \u010capljevika.<\/span><\/li>\n<li><span>11:30 sati. Dolazak na jezero Ljeskovac. Odmor i osvje\u017eenje uz jezero. Borovik je 6 sati hoda.<\/span><\/li>\n<li><span>12:30 sati. Dolazak na KT 15, \u010cardak. Kra\u0107a tura se mo\u017ee vratiti sa \u010cardaka na Ljeskovac.<\/span><\/li>\n<li><span>14:30 sati. Dolazak kod nadstre\u0161nice \u201eSpektar\u201c. Odmor na klupama pod nadstre\u0161nicom.<\/span><\/li>\n<li><span>18:00 sati. Dolazak na KT 16, planinarska ku\u0107a Borovik.\u00a0<br \/>Svaka grupa \u0107e imati svoje vodi\u010de. Na mjestima ve\u0107ih pauza bit \u0107e ponu\u0111eni osvje\u017eavaju\u0107i napitci i \u010daj ako bude hladno. Onima koji to \u017eele, prevest \u0107e se prtljaga (presvlaka, hrana i sl) do odmori\u0161ta i kasnije do Borovika. Organizirana prehrana tijekom dana nije predvi\u0111ena.\n<p>Za grupu B mogu\u0107e je organizirati prijevoz nazad do doma \u0110.Pilar, potrebno je prijaviti potrebe za prijevozom osoba najkasnije do 15.05.2013.\u00a0<\/span><\/li>\n<li><span>17,00 &#8211; 18,00 sati &#8211; dolazak do planinarske ku\u0107e Borovik, zavr\u0161etak Pohoda<\/span><\/li>\n<\/ul>\n<p style=\"text-align: justify;\"><span>Na zavr\u0161etku nije planirano nikakvo organizirano okupljanje pa je odlazak prema organizaciji samih sudionika.\u00a0<\/span><\/p>\n<p style=\"text-align: justify;\"><span>Za one koji nemaju svoj prijevoz i treba ih vratiti (voza\u010de ili sve zajedno) do vozila parkiranih kod pl. doma \u0110uro Pilar, organizirat \u0107e se prijevoz po popularnoj cijeni. Zbog planiranja, potrebno je prijaviti potrebe za prijevozom osoba najkasnije do 15.05.2013.\u00a0<\/span><\/p>\n<p style=\"text-align: justify;\"><strong><span>Dodatne mogu\u0107nosti:\u00a0<\/span><\/strong><\/p>\n<ul style=\"text-align: justify;\">\n<li><span>Ako ima entuzijasta koji planiraju turno pro\u0107i cijeli SPP u 9-10 dana, molimo da se jave radi dodatnog informiranja. \u00a0Putem \u0107e ih, po potrebi, pomagati povjerenici koji odr\u017eavaju dionice SPP. \u00a0Tko se za takav put odlu\u010di, mora biti kondicijski i psihi\u010dki spreman te po\u0161tivati dogovorna pravila grupe. \u00a0Takav put je mogu\u0107e prohodati i u neko drugo vrijeme uz obavezno konzultiranje i najavu. Veza za dogovor: Berislav Tkalac, 0996764736.<\/span><\/li>\n<li><span>Tko ne mo\u017ee do\u0107i u subotu u jutro, mo\u017ee se Pohodu pridru\u017eiti na mjestima gdje je planiran odmor(uz najavu) ili u nedjelju u jutro.<\/span><\/li>\n<li><span>Svi koji bi do\u0161li zajedno s &#8220;ja\u010dim hoda\u010dima&#8221;, a nisu spremni na ve\u0107e napore, mogu provesti ugodan vikend kra\u0107im turama ozna\u010denim stazama oko pl. doma \u0110uro Pilar u vlastitoj organizaciji (nisu predvi\u0111eni vodi\u010di)<\/span><\/li>\n<\/ul>\n<p style=\"text-align: justify;\">\n<p style=\"text-align: justify;\">Molimo najave dolaska, a naro\u010dito potreba za prijevozom osoba \u010dim prije, a najkasnije 15.5.2013. isklju\u010divo na e-mail adresu:<span>\u00a0<\/span><span id=\"cloakb966cc65e03cb0d7c7e20b4d7bce9753\"><a href=\"mailto:slavonski.planinari@gmail.com\">slavonski.planinari@gmail.com<\/a><\/span>.<\/p>\n<p style=\"text-align: justify;\">Za sva poja\u0161njenja, pitanja, najave i sl: Otmar Tosenberger, 0911814119, e-mail: \u00a0<span id=\"cloakffd223577a939a56776b5bf60212c27e\"><a href=\"mailto:slavonski.planinari@gmail.com\">slavonski.planinari@gmail.com<\/a><\/span>,\u00a0<span>a za pitanja u vezi trase Pohoda: \u00a0Berislav Tkalac, 0996764736<\/span><\/p>\n<p style=\"text-align: justify;\"><strong>Dobro do\u0161li !<\/strong><\/p>\n<\/div>\n<p>[\/et_pb_text][\/et_pb_column][\/et_pb_row][\/et_pb_section]<\/p>\n","protected":false},"excerpt":{"rendered":"<p>Ako netko \u017eeli do\u0107i ve\u0107 u petak 17.05. i spavati u B. Drenovcu treba se obratiti Zdravku E\u0107imovi\u0107u (091\/731-5819). 18.05. subota 7,00 \u00a0Okupljanje planinara u Brodskom Drenovcu ispred \u201e\u0160tamparovog zdenca\u201c, u sredi\u0161tu mjesta. \u00a0Ovdje je predvi\u0111eno ostavljanje vozila. Organizirani prijevoz voza\u010da \u0107e biti od planinarskog doma \u0110uro Pilar do Brodskog Drenovca i od Grgurovi\u0107a do [&hellip;]<\/p>\n","protected":false},"author":1,"featured_media":0,"comment_status":"closed","ping_status":"open","sticky":false,"template":"","format":"standard","meta":{"_et_pb_use_builder":"on","_et_pb_old_content":"","_et_gb_content_width":"1080","footnotes":""},"categories":[27],"tags":[],"class_list":["post-1686","post","type-post","status-publish","format-standard","hentry","category-27"],"_links":{"self":[{"href":"https:\/\/www.slavonski-planinari.hr\/arhiva\/wp-json\/wp\/v2\/posts\/1686","targetHints":{"allow":["GET"]}}],"collection":[{"href":"https:\/\/www.slavonski-planinari.hr\/arhiva\/wp-json\/wp\/v2\/posts"}],"about":[{"href":"https:\/\/www.slavonski-planinari.hr\/arhiva\/wp-json\/wp\/v2\/types\/post"}],"author":[{"embeddable":true,"href":"https:\/\/www.slavonski-planinari.hr\/arhiva\/wp-json\/wp\/v2\/users\/1"}],"replies":[{"embeddable":true,"href":"https:\/\/www.slavonski-planinari.hr\/arhiva\/wp-json\/wp\/v2\/comments?post=1686"}],"version-history":[{"count":0,"href":"https:\/\/www.slavonski-planinari.hr\/arhiva\/wp-json\/wp\/v2\/posts\/1686\/revisions"}],"wp:attachment":[{"href":"https:\/\/www.slavonski-planinari.hr\/arhiva\/wp-json\/wp\/v2\/media?parent=1686"}],"wp:term":[{"taxonomy":"category","embeddable":true,"href":"https:\/\/www.slavonski-planinari.hr\/arhiva\/wp-json\/wp\/v2\/categories?post=1686"},{"taxonomy":"post_tag","embeddable":true,"href":"https:\/\/www.slavonski-planinari.hr\/arhiva\/wp-json\/wp\/v2\/tags?post=1686"}],"curies":[{"name":"wp","href":"https:\/\/api.w.org\/{rel}","templated":true}]}}