{"id":1682,"date":"2013-05-08T10:18:00","date_gmt":"2013-05-08T09:18:00","guid":{"rendered":"https:\/\/www.slavonski-planinari.hr\/arhiva\/?p=1682"},"modified":"2023-01-03T10:27:47","modified_gmt":"2023-01-03T09:27:47","slug":"3-pohod-slavonskim-planinama","status":"publish","type":"post","link":"https:\/\/www.slavonski-planinari.hr\/arhiva\/3-pohod-slavonskim-planinama\/","title":{"rendered":"3. Pohod slavonskim planinama"},"content":{"rendered":"<p>[et_pb_section fb_built=&#8221;1&#8243; _builder_version=&#8221;4.19.4&#8243; _module_preset=&#8221;default&#8221; global_colors_info=&#8221;{}&#8221;][et_pb_row _builder_version=&#8221;4.19.4&#8243; _module_preset=&#8221;default&#8221; global_colors_info=&#8221;{}&#8221;][et_pb_column type=&#8221;4_4&#8243; _builder_version=&#8221;4.19.4&#8243; _module_preset=&#8221;default&#8221; global_colors_info=&#8221;{}&#8221;][et_pb_text _builder_version=&#8221;4.19.4&#8243; _module_preset=&#8221;default&#8221; hover_enabled=&#8221;0&#8243; global_colors_info=&#8221;{}&#8221; sticky_enabled=&#8221;0&#8243;]<\/p>\n<div class=\"itemIntroText\">\n<p style=\"text-align: justify;\"><img loading=\"lazy\" decoding=\"async\" src=\"https:\/\/www.slavonski-planinari.hr\/arhiva\/wp-content\/uploads\/2023\/01\/pohod.jpg\" width=\"185\" height=\"127\" alt=\"\" class=\"wp-image-1684 alignleft size-full\" srcset=\"https:\/\/www.slavonski-planinari.hr\/arhiva\/wp-content\/uploads\/2023\/01\/pohod.jpg 320w, https:\/\/www.slavonski-planinari.hr\/arhiva\/wp-content\/uploads\/2023\/01\/pohod-300x206.jpg 300w\" sizes=\"(max-width: 185px) 100vw, 185px\" \/>Dragi prijatelji, planinarke i planinari!\u00a0<span>Pozivamo vas na tre\u0107i &#8220;Pohod slavonskim planinama&#8221;.<\/span><\/p>\n<p style=\"text-align: justify;\"><span>Uskoro nastavljamo tamo gdje smo stali prije godinu dana. Pozivamo i sve koji nisu bili s nama na prvom i drugom Pohodu da nam se pridru\u017ee &#8211; trasom SPP-a, Dilj gorom od Brodskog Drenovca \u00a0preko pl. doma \u0110uro Pilar kod Sl. Broda \u00a0do pl. ku\u0107e Borovik.<\/span><\/p>\n<\/div>\n<div class=\"itemFullText\">\n<p style=\"text-align: justify;\">\u00a0<span>Predpro\u0161le godine zapo\u010deta akcija organiziranog obilaska Slavonskog planinarskog puta kroz 5 godi\u0161njih pohoda, nastavlja se dionicom po Dilj gori 18.\/19. svibnja 2013.<\/span><\/p>\n<p style=\"text-align: justify;\"><span>Za one kojima je cjelodnevno hodanje naporno, mogu\u0107a je &#8220;poludnevna&#8221; varijanta.<\/span><\/p>\n<p style=\"text-align: justify;\"><span>Organizator je Slavonski planinarski savez u suradnji s lokalnim dru\u0161tvima i HGSS.\u00a0<\/span><\/p>\n<p style=\"text-align: justify;\"><span>Na Pohodu \u0107e se mo\u0107i kupiti dnevnik SPP, &#8220;Karton pohoda&#8221;, dnevnik obilaznice &#8220;Pet utvrda Po\u017ee\u0161ke gore&#8221;, majice, bed\u017eevi, naljepnice &#8230; Sudionici svih pet Pohoda, ovjerenih u &#8220;Kartonu pohoda&#8221; \u00a0dobivaju spomen plaketu, a za sve koji SPP prije\u0111u &#8220;u jednom dahu&#8221;(a takvih je do sad bilo samo 9) predvi\u0111eno je posebno priznanje. Pohod, naravno, ima i svoj pe\u010dat.<\/span><\/p>\n<p style=\"text-align: justify;\"><span>Ovim Pohodom se ujedno priklju\u010dujemo obilje\u017eavanju 50 godina Slavonskog planinarskog saveza.\u00a0<\/span><\/p>\n<p style=\"text-align: justify;\"><span><a href=\"program-3-pohoda-slavonskim-planinama\"><em>Ovdje pogledajte program Pohoda.<\/em><\/a><\/span><\/p>\n<p style=\"text-align: justify;\"><strong>Ukratko u Pohodu:<\/strong><\/p>\n<p style=\"text-align: justify;\"><em><span>Prvi pohod odr\u017ean je \u00a021\/ 22. svibnja. 2011. Dvodnevni pohod slavonskim planinama odr\u017eava se svake godine tre\u0107eg vikenda u svibnju i svaki put obilazi jedna dionica SPP-a. Na taj na\u010din za pet godina obilazi se cijela trasa SPP-a. Poslije toga se nastavlja novi &#8220;ciklus&#8221;.<\/span><\/em><\/p>\n<\/div>\n<p>[\/et_pb_text][\/et_pb_column][\/et_pb_row][\/et_pb_section]<\/p>\n","protected":false},"excerpt":{"rendered":"<p>Dragi prijatelji, planinarke i planinari!\u00a0Pozivamo vas na tre\u0107i &#8220;Pohod slavonskim planinama&#8221;. Uskoro nastavljamo tamo gdje smo stali prije godinu dana. Pozivamo i sve koji nisu bili s nama na prvom i drugom Pohodu da nam se pridru\u017ee &#8211; trasom SPP-a, Dilj gorom od Brodskog Drenovca \u00a0preko pl. doma \u0110uro Pilar kod Sl. Broda \u00a0do pl. [&hellip;]<\/p>\n","protected":false},"author":1,"featured_media":0,"comment_status":"closed","ping_status":"open","sticky":false,"template":"","format":"standard","meta":{"_et_pb_use_builder":"on","_et_pb_old_content":"","_et_gb_content_width":"1080","footnotes":""},"categories":[27],"tags":[],"class_list":["post-1682","post","type-post","status-publish","format-standard","hentry","category-27"],"_links":{"self":[{"href":"https:\/\/www.slavonski-planinari.hr\/arhiva\/wp-json\/wp\/v2\/posts\/1682","targetHints":{"allow":["GET"]}}],"collection":[{"href":"https:\/\/www.slavonski-planinari.hr\/arhiva\/wp-json\/wp\/v2\/posts"}],"about":[{"href":"https:\/\/www.slavonski-planinari.hr\/arhiva\/wp-json\/wp\/v2\/types\/post"}],"author":[{"embeddable":true,"href":"https:\/\/www.slavonski-planinari.hr\/arhiva\/wp-json\/wp\/v2\/users\/1"}],"replies":[{"embeddable":true,"href":"https:\/\/www.slavonski-planinari.hr\/arhiva\/wp-json\/wp\/v2\/comments?post=1682"}],"version-history":[{"count":0,"href":"https:\/\/www.slavonski-planinari.hr\/arhiva\/wp-json\/wp\/v2\/posts\/1682\/revisions"}],"wp:attachment":[{"href":"https:\/\/www.slavonski-planinari.hr\/arhiva\/wp-json\/wp\/v2\/media?parent=1682"}],"wp:term":[{"taxonomy":"category","embeddable":true,"href":"https:\/\/www.slavonski-planinari.hr\/arhiva\/wp-json\/wp\/v2\/categories?post=1682"},{"taxonomy":"post_tag","embeddable":true,"href":"https:\/\/www.slavonski-planinari.hr\/arhiva\/wp-json\/wp\/v2\/tags?post=1682"}],"curies":[{"name":"wp","href":"https:\/\/api.w.org\/{rel}","templated":true}]}}