{"id":1674,"date":"2013-05-04T10:12:00","date_gmt":"2013-05-04T09:12:00","guid":{"rendered":"https:\/\/www.slavonski-planinari.hr\/arhiva\/?p=1674"},"modified":"2023-01-03T10:15:04","modified_gmt":"2023-01-03T09:15:04","slug":"beliscanski-podravski-pjesacki-put","status":"publish","type":"post","link":"https:\/\/www.slavonski-planinari.hr\/arhiva\/beliscanski-podravski-pjesacki-put\/","title":{"rendered":"Beli\u0161\u0107anski podravski pje\u0161a\u010dki put"},"content":{"rendered":"<p>[et_pb_section fb_built=&#8221;1&#8243; theme_builder_area=&#8221;post_content&#8221; _builder_version=&#8221;4.19.4&#8243; _module_preset=&#8221;default&#8221;][et_pb_row _builder_version=&#8221;4.19.4&#8243; _module_preset=&#8221;default&#8221; theme_builder_area=&#8221;post_content&#8221;][et_pb_column _builder_version=&#8221;4.19.4&#8243; _module_preset=&#8221;default&#8221; type=&#8221;4_4&#8243; theme_builder_area=&#8221;post_content&#8221;][et_pb_text _builder_version=&#8221;4.19.4&#8243; _module_preset=&#8221;default&#8221; theme_builder_area=&#8221;post_content&#8221; hover_enabled=&#8221;0&#8243; sticky_enabled=&#8221;0&#8243;]<\/p>\n<div class=\"itemIntroText\">\n<p style=\"text-align: justify;\"><img loading=\"lazy\" decoding=\"async\" src=\"https:\/\/www.slavonski-planinari.hr\/arhiva\/wp-content\/uploads\/2023\/01\/belisce.jpg\" width=\"115\" height=\"80\" alt=\"\" class=\"wp-image-1676 alignleft size-full\" srcset=\"https:\/\/www.slavonski-planinari.hr\/arhiva\/wp-content\/uploads\/2023\/01\/belisce.jpg 327w, https:\/\/www.slavonski-planinari.hr\/arhiva\/wp-content\/uploads\/2023\/01\/belisce-300x208.jpg 300w\" sizes=\"(max-width: 115px) 100vw, 115px\" \/>HPD Beli\u0161\u0107e Vas poziva na sudjelovanje na tre\u0107em po redu pohodu nazvanom Beli\u0161\u0107anski podravski pje\u0161a\u010dki put (BPPP).<\/p>\n<p style=\"text-align: justify;\">Nakon uspje\u0161no odr\u017eanih manifestacija pro\u0161le dvije godine \u017eelja nam je ovaj skup planinara u\u010diniti tradicionalnim te se nadamo da \u0107ete nam svojim prisustvom u tome pomo\u0107i.\u00a0<\/p>\n<\/div>\n<div class=\"itemFullText\">\n<p style=\"text-align: justify;\">\u00a0<span>Za razliku od prethodne dvije godine, mjesto okupljanja i sredi\u0161te svih doga\u0111anja ovaj puta \u0107e biti na baranjskoj strani Drave neposredno iza mosta na lokaciji Citadela, a pje\u0161a\u010dka staza se kao i ranije prote\u017ee du\u017e desne obale Drave s nezaboravnim pogledima na rijeku i njene obale.<\/span><\/p>\n<p style=\"text-align: justify;\">Mapu s ucrtanim putem do Citadele dostavljamo u prilogu.<\/p>\n<p style=\"text-align: justify;\"><strong><span>Program :<\/span><\/strong><\/p>\n<ul style=\"text-align: justify;\">\n<li><span>Subota 11.05.2013.<br \/>8:00 \u2013 9:00Okupljanje planinara u Citadeli kod Beli\u0161\u0107a, prigodna okrijepa<br \/>9:00Pozdrav doma\u0107ina i polazak na stazu \u00a0(kra\u0107a 3 sata, du\u017ea 6 sati) uz doma\u0107e vodi\u010de.<br \/>14:00 \u2013 16:00Ru\u010dak \u2013 planinarski grah\u00a0<br \/>16:00 \u2013 24:00Planinarska veselica uz \u017eivu glazbu i bogat izbor pi\u0107a\u00a0<\/span><\/li>\n<\/ul>\n<p style=\"text-align: justify;\"><span>Pored navedenog ponudit \u0107emo i dodatne zanimljive sadr\u017eaje.<\/span><\/p>\n<p style=\"text-align: justify;\"><span>Osigurana je mogu\u0107nost no\u0107enja petak\/subota i subota\/nedjelja u zgradi Citadele po cijeni 40 kn ili pored zgrade u \u0161atorima.<\/span><\/p>\n<p style=\"text-align: justify;\">Za goste koji \u0107e preno\u0107iti do nedjelje program u nedjelju po dogovoru.<\/p>\n<p style=\"text-align: justify;\">Molimo da ponesete vlastite porcije za grah i pribor za jelo.<\/p>\n<p style=\"text-align: justify;\"><span>S veseljem i zadovoljstvom o\u010dekujemo Va\u0161u prijavu i \u00a0dolazak!<\/span><\/p>\n<h2 style=\"text-align: justify;\">Kako do\u0107i do Citadele<\/h2>\n<p style=\"text-align: justify;\"><span>U Beli\u0161\u0107u pratite putokaze za Beli Manastir. Cesta vodi mostom preko Drave. Oko 450 m nakon silaska s mosta skrenite lijevo na makadamski put na \u010dijem kraju se nakon 150 m nalazi Citadela. Na mapi je put prikazan crvenom crtom.<\/span><\/p>\n<p style=\"text-align: justify;\"><span><img loading=\"lazy\" decoding=\"async\" src=\"https:\/\/www.slavonski-planinari.hr\/arhiva\/wp-content\/uploads\/2023\/01\/citadelaMala.jpg\" width=\"701\" height=\"339\" alt=\"\" class=\"wp-image-1677 aligncenter size-full\" srcset=\"https:\/\/www.slavonski-planinari.hr\/arhiva\/wp-content\/uploads\/2023\/01\/citadelaMala.jpg 701w, https:\/\/www.slavonski-planinari.hr\/arhiva\/wp-content\/uploads\/2023\/01\/citadelaMala-480x232.jpg 480w\" sizes=\"(min-width: 0px) and (max-width: 480px) 480px, (min-width: 481px) 701px, 100vw\" \/><\/p>\n<p><\/span><\/p>\n<p style=\"text-align: justify;\"><strong><span>Kontakt osobe:<br \/><\/span><\/strong><span>Zdenko Kova\u010d \u2013 098 464 968<br \/><\/span><span>Mila Andri\u0107 \u2013 098 937 9960<\/span><\/p>\n<p style=\"text-align: justify;\">e-mail \u00a0&#8211;<span>\u00a0<\/span><span id=\"cloak49afdf2140b4112c727adc5cd86e6634\"><a href=\"mailto:hpd.belisce@gmail.com\">hpd.belisce@gmail.com<\/a><\/span><\/p>\n<p style=\"text-align: justify;\">www.hpd-belisce.hr<\/p>\n<p style=\"text-align: right;\"><span>Predsjednik, Zdenko Kova\u010d<\/span><\/p>\n<\/div>\n<p>[\/et_pb_text][\/et_pb_column][\/et_pb_row][\/et_pb_section]<\/p>\n","protected":false},"excerpt":{"rendered":"<p>HPD Beli\u0161\u0107e Vas poziva na sudjelovanje na tre\u0107em po redu pohodu nazvanom Beli\u0161\u0107anski podravski pje\u0161a\u010dki put (BPPP). Nakon uspje\u0161no odr\u017eanih manifestacija pro\u0161le dvije godine \u017eelja nam je ovaj skup planinara u\u010diniti tradicionalnim te se nadamo da \u0107ete nam svojim prisustvom u tome pomo\u0107i.\u00a0 \u00a0Za razliku od prethodne dvije godine, mjesto okupljanja i sredi\u0161te svih doga\u0111anja [&hellip;]<\/p>\n","protected":false},"author":1,"featured_media":0,"comment_status":"closed","ping_status":"open","sticky":false,"template":"","format":"standard","meta":{"_et_pb_use_builder":"on","_et_pb_old_content":"","_et_gb_content_width":"1080","footnotes":""},"categories":[27],"tags":[],"class_list":["post-1674","post","type-post","status-publish","format-standard","hentry","category-27"],"_links":{"self":[{"href":"https:\/\/www.slavonski-planinari.hr\/arhiva\/wp-json\/wp\/v2\/posts\/1674","targetHints":{"allow":["GET"]}}],"collection":[{"href":"https:\/\/www.slavonski-planinari.hr\/arhiva\/wp-json\/wp\/v2\/posts"}],"about":[{"href":"https:\/\/www.slavonski-planinari.hr\/arhiva\/wp-json\/wp\/v2\/types\/post"}],"author":[{"embeddable":true,"href":"https:\/\/www.slavonski-planinari.hr\/arhiva\/wp-json\/wp\/v2\/users\/1"}],"replies":[{"embeddable":true,"href":"https:\/\/www.slavonski-planinari.hr\/arhiva\/wp-json\/wp\/v2\/comments?post=1674"}],"version-history":[{"count":0,"href":"https:\/\/www.slavonski-planinari.hr\/arhiva\/wp-json\/wp\/v2\/posts\/1674\/revisions"}],"wp:attachment":[{"href":"https:\/\/www.slavonski-planinari.hr\/arhiva\/wp-json\/wp\/v2\/media?parent=1674"}],"wp:term":[{"taxonomy":"category","embeddable":true,"href":"https:\/\/www.slavonski-planinari.hr\/arhiva\/wp-json\/wp\/v2\/categories?post=1674"},{"taxonomy":"post_tag","embeddable":true,"href":"https:\/\/www.slavonski-planinari.hr\/arhiva\/wp-json\/wp\/v2\/tags?post=1674"}],"curies":[{"name":"wp","href":"https:\/\/api.w.org\/{rel}","templated":true}]}}