{"id":1671,"date":"2013-04-24T10:10:00","date_gmt":"2013-04-24T09:10:00","guid":{"rendered":"https:\/\/www.slavonski-planinari.hr\/arhiva\/?p=1671"},"modified":"2023-01-03T10:12:33","modified_gmt":"2023-01-03T09:12:33","slug":"16-pohod-planinarskim-putem-vra-bljesak","status":"publish","type":"post","link":"https:\/\/www.slavonski-planinari.hr\/arhiva\/16-pohod-planinarskim-putem-vra-bljesak\/","title":{"rendered":"16. pohod planinarskim putem VRA \u00abBljesak\u00bb"},"content":{"rendered":"<p>[et_pb_section fb_built=&#8221;1&#8243; theme_builder_area=&#8221;post_content&#8221; _builder_version=&#8221;4.19.4&#8243; _module_preset=&#8221;default&#8221; custom_padding=&#8221;||320px|||&#8221;][et_pb_row _builder_version=&#8221;4.19.4&#8243; _module_preset=&#8221;default&#8221; theme_builder_area=&#8221;post_content&#8221;][et_pb_column _builder_version=&#8221;4.19.4&#8243; _module_preset=&#8221;default&#8221; type=&#8221;4_4&#8243; theme_builder_area=&#8221;post_content&#8221;][et_pb_text _builder_version=&#8221;4.19.4&#8243; _module_preset=&#8221;default&#8221; theme_builder_area=&#8221;post_content&#8221; hover_enabled=&#8221;0&#8243; sticky_enabled=&#8221;0&#8243;]<\/p>\n<div class=\"itemIntroText\">\n<p><img loading=\"lazy\" decoding=\"async\" src=\"https:\/\/www.slavonski-planinari.hr\/arhiva\/wp-content\/uploads\/2023\/01\/vra_bljesak.jpg\" width=\"115\" height=\"79\" alt=\"\" class=\"wp-image-1599 alignleft size-full\" srcset=\"https:\/\/www.slavonski-planinari.hr\/arhiva\/wp-content\/uploads\/2023\/01\/vra_bljesak.jpg 321w, https:\/\/www.slavonski-planinari.hr\/arhiva\/wp-content\/uploads\/2023\/01\/vra_bljesak-300x207.jpg 300w\" sizes=\"(max-width: 115px) 100vw, 115px\" \/>Pozivamo vas na 16. pohod planinarskim putem VRA \u00abBljesak\u00bb koji \u0107e se odr\u017eati 1. svibnja 2013. godine (srijeda).<\/p>\n<p>\u00a0<span>Okupljanje i prijava sudionika pohoda u centru Grada od 8,15 do 8,30 sati.\u00a0<\/span><\/p>\n<\/div>\n<div class=\"itemFullText\">\n<p>\u00a0H<span>rana i napitci iz ruksaka.<\/span><\/p>\n<p><span>Vi\u0161e o planinarskoj stazi na web stranici dru\u0161tva www.pd-zmajevac.hr.\u00a0<\/span><\/p>\n<p><span>Srda\u010dnu dobrodo\u0161licu \u017eele Vam doma\u0107ini pohoda.<\/span><\/p>\n<p style=\"text-align: right;\"><span>\u00a0Predsjednik\u00a0<\/span><span>Davor Augustin<\/span><\/p>\n<\/div>\n<p>[\/et_pb_text][\/et_pb_column][\/et_pb_row][\/et_pb_section]<\/p>\n","protected":false},"excerpt":{"rendered":"<p>Pozivamo vas na 16. pohod planinarskim putem VRA \u00abBljesak\u00bb koji \u0107e se odr\u017eati 1. svibnja 2013. godine (srijeda). \u00a0Okupljanje i prijava sudionika pohoda u centru Grada od 8,15 do 8,30 sati.\u00a0 \u00a0Hrana i napitci iz ruksaka. Vi\u0161e o planinarskoj stazi na web stranici dru\u0161tva www.pd-zmajevac.hr.\u00a0 Srda\u010dnu dobrodo\u0161licu \u017eele Vam doma\u0107ini pohoda. \u00a0Predsjednik\u00a0Davor Augustin<\/p>\n","protected":false},"author":1,"featured_media":0,"comment_status":"closed","ping_status":"open","sticky":false,"template":"","format":"standard","meta":{"_et_pb_use_builder":"on","_et_pb_old_content":"","_et_gb_content_width":"1080","footnotes":""},"categories":[27],"tags":[],"class_list":["post-1671","post","type-post","status-publish","format-standard","hentry","category-27"],"_links":{"self":[{"href":"https:\/\/www.slavonski-planinari.hr\/arhiva\/wp-json\/wp\/v2\/posts\/1671","targetHints":{"allow":["GET"]}}],"collection":[{"href":"https:\/\/www.slavonski-planinari.hr\/arhiva\/wp-json\/wp\/v2\/posts"}],"about":[{"href":"https:\/\/www.slavonski-planinari.hr\/arhiva\/wp-json\/wp\/v2\/types\/post"}],"author":[{"embeddable":true,"href":"https:\/\/www.slavonski-planinari.hr\/arhiva\/wp-json\/wp\/v2\/users\/1"}],"replies":[{"embeddable":true,"href":"https:\/\/www.slavonski-planinari.hr\/arhiva\/wp-json\/wp\/v2\/comments?post=1671"}],"version-history":[{"count":0,"href":"https:\/\/www.slavonski-planinari.hr\/arhiva\/wp-json\/wp\/v2\/posts\/1671\/revisions"}],"wp:attachment":[{"href":"https:\/\/www.slavonski-planinari.hr\/arhiva\/wp-json\/wp\/v2\/media?parent=1671"}],"wp:term":[{"taxonomy":"category","embeddable":true,"href":"https:\/\/www.slavonski-planinari.hr\/arhiva\/wp-json\/wp\/v2\/categories?post=1671"},{"taxonomy":"post_tag","embeddable":true,"href":"https:\/\/www.slavonski-planinari.hr\/arhiva\/wp-json\/wp\/v2\/tags?post=1671"}],"curies":[{"name":"wp","href":"https:\/\/api.w.org\/{rel}","templated":true}]}}