{"id":1666,"date":"2013-04-11T10:08:00","date_gmt":"2013-04-11T09:08:00","guid":{"rendered":"https:\/\/www.slavonski-planinari.hr\/arhiva\/?p=1666"},"modified":"2023-01-03T10:10:06","modified_gmt":"2023-01-03T09:10:06","slug":"dani-hrvatskih-planinara-u-sosicama","status":"publish","type":"post","link":"https:\/\/www.slavonski-planinari.hr\/arhiva\/dani-hrvatskih-planinara-u-sosicama\/","title":{"rendered":"Dani hrvatskih planinara u So\u0161icama"},"content":{"rendered":"<p>[et_pb_section fb_built=&#8221;1&#8243; _builder_version=&#8221;4.19.4&#8243; _module_preset=&#8221;default&#8221; global_colors_info=&#8221;{}&#8221;][et_pb_row _builder_version=&#8221;4.19.4&#8243; _module_preset=&#8221;default&#8221; global_colors_info=&#8221;{}&#8221;][et_pb_column type=&#8221;4_4&#8243; _builder_version=&#8221;4.19.4&#8243; _module_preset=&#8221;default&#8221; global_colors_info=&#8221;{}&#8221;][et_pb_text _builder_version=&#8221;4.19.4&#8243; _module_preset=&#8221;default&#8221; global_colors_info=&#8221;{}&#8221;]<\/p>\n<div class=\"itemIntroText\">\n<p style=\"text-align: justify;\"><img loading=\"lazy\" decoding=\"async\" src=\"https:\/\/www.slavonski-planinari.hr\/arhiva\/wp-content\/uploads\/2023\/01\/hr_pl.jpg\" width=\"200\" height=\"139\" alt=\"\" class=\"wp-image-1668 alignleft size-full\" \/>Slavonski planinarski savez i Stanica planinarskih vodi\u010da Slavonije 25. &#8211; 26. svibnja organiziraju prijevoz autobusima na Dane hrvatskih planinara u So\u0161icama i logisti\u010dku podr\u0161ku.<\/p>\n<\/div>\n<div class=\"itemFullText\">\n<p style=\"text-align: justify;\">Dva autobusa bi kretala iz Osijeka s tim \u0161to bi jedan bus\u00a0 i\u0161ao preko \u0110akova, Vinkovaca, \u017dupanje, Slavonskog Broda i i\u0161ao bi ju\u017enom rutom, odnosno autocestom i skupljao bi planinare iz tog podru\u010dja, a drugi bus bi i\u0161ao preko Na\u0161ica, Orahovice, Kutjeva, Po\u017eege, Nove Gradi\u0161ke i skuplja planinare sa tog dijela.<\/p>\n<p style=\"text-align: justify;\">Ovisno o interesu, postoji mogu\u0107nost organiziranja i tre\u0107eg autobusa koji bi polazio iz Virovitice i i\u0161ao rutom Virovitica, Daruvar, Pakrac, Lipik, Novska. Za tu rutu nije jo\u0161 pravljena kalkulacija.<\/p>\n<p style=\"text-align: justify;\">Na odredi\u0161tu moramo biti najkasnije oko 9:30 \u0161to zna\u010di da je polazak oko 4 sata ujutro 25.05. iz Osijeka.<\/p>\n<p style=\"text-align: justify;\">Autobusi dolaze do mjesta So\u0161ice od kuda kre\u0107emo na 3 ponu\u0111ene pje\u0161a\u010dke ture:<\/p>\n<ol style=\"text-align: justify;\">\n<li>So\u0161ice &#8211; Boji\u0107i &#8211; Sv.Gera &#8211; Boljara &#8211; Pl.dom Vodice\u00a0\u00a0(lak\u0161a tura 5 sati)<\/li>\n<li>So\u0161ice &#8211; Boji\u0107i &#8211; Sv.Gera &#8211; Ravna Gora &#8211; Pl.dom Vodice (te\u017ea tura 6 sati)<\/li>\n<li>So\u0161ice &#8211; Jazovka &#8211; Sopotski slap &#8211; Pl.dom Vodice (2 sata)<\/li>\n<\/ol>\n<p style=\"text-align: justify;\"><strong>NAPOMENA<\/strong>: predvi\u0111en je<span>\u00a0<\/span><strong>obilazak tri kontrolne to\u010dke Hrvatske obilaznice<\/strong>: Sveta Gera, Plije\u0161 i Je\u010dmi\u0161te<\/p>\n<p style=\"text-align: justify;\">\u0160atore, vre\u0107e za spavanje i karimate prebacit \u0107emo u vozilo koje doma\u0107in osigurava i prevest \u0107e do planinarskog doma Vodice, kako mi ne bi nosili sa sobom.<br \/><strong>Prehrana<\/strong>: Organizator osigurava u subotu besplatan grah u Pl.domu Vodice od 13:30-16:30 ali moramo predhodno najaviti broj ljudi koji dolazi. Za svaki slu\u010daj preporuka da se ponese ne\u0161to ako graha slu\u010dajno nestane! Nedjelja, 26.5.2013. besplatni \u010daj od 07:30\u00a0\u00a0&#8211; 09:00 sati<\/p>\n<p style=\"text-align: justify;\">Tijekom cijelog susreta ponuda ostale prehrane i pi\u0107a po popularnim cijenama na Vodicama i pi\u0107a u subotu na Svetoj Geri.<\/p>\n<p style=\"text-align: justify;\"><strong>Spavanje<\/strong><span>\u00a0<\/span>je u vlastitim \u0161atorima, pored Pl. Doma Vodice, mogu\u0107nost je da doma\u0107ini osiguraju ve\u0107e \u0161atore za skupno spavanje,\u00a0 uz najavu. Tako\u0111er su mogu\u0107e rezervne varijante u So\u0161icama (vatrogasni dom, samostan i stara \u0161kola) ali nezgodno je jer se sva doga\u0111anja odr\u017eavaju oko pl.doma.<\/p>\n<p style=\"text-align: justify;\"><strong>Nedjelja 26.5.2013.<\/strong><\/p>\n<ol style=\"text-align: justify;\">\n<li>Pl.dom Vodice &#8211; Plije\u0161 &#8211; Pl.dom Vodice (panoramska staza &#8211; polazak u 10:00, 1 sat hoda)<\/li>\n<li>Pl.dom Vodice &#8211; Plije\u0161 &#8211; Je\u010dmi\u0161te &#8211; Pl.dom Vodice (polazak u 09:00 &#8211; 5 sati hoda)\u00a0\u00a0\u00a0\u00a0\u00a0\u00a0\u00a0\u00a0\u00a0\u00a0\u00a0<\/li>\n<li>So\u0161ice &#8211; Jazovka &#8211; Sopotski slap &#8211; Pl.dom Vodice (2 sata)<\/li>\n<\/ol>\n<p style=\"text-align: justify;\"><strong>PROGRAM DOGA\u0110ANJA<\/strong><\/p>\n<p style=\"text-align: justify;\"><strong>Subota 25.5.2013.<\/strong><\/p>\n<ul style=\"text-align: justify;\">\n<li>Sve\u010dano otvaranje skupa u 17:00 sati (trajanje do 30 min) &#8211; protokol ovisi o mo\u017eebitnom dolasku Predsjednika RH<\/li>\n<li>Nastup grupe \u201eStrings\u201c iz Karlovca do cca 23:00 sata (mogu\u0107i nastup D. Dretar kao iznena\u0111enje ve\u010deri)<\/li>\n<li>Odlazak na Plije\u0161 (23:30 sati) i nastavak dru\u017eenja uz logorsku vatru i tambura\u0161e KUD \u201eSveta Ana\u201e iz Karlovca\u00a0<\/li>\n<\/ul>\n<p style=\"text-align: justify;\"><strong>Nedjelja 26.5.2013.<\/strong><\/p>\n<ul style=\"text-align: justify;\">\n<li>Sve\u010dano zatvaranje skupa u 14:00 sati i predstavljanje doma\u0107ina sljede\u0107ih Dana Hrvatskih planinara na Vinici \/ HPD \u201eVinica\u201c iz Duge Rese.<\/li>\n<li>Nastupi grupe \u201eStrings\u201c i tambura\u0161a<\/li>\n<\/ul>\n<p style=\"text-align: justify;\">Predvidivo vrijeme povratka u Osijek oko 20-21 sati u nedjelju.<\/p>\n<p style=\"text-align: justify;\"><span><strong>Cijena prijevoza busom je 170kn po osobi<\/strong><\/span><span>\u00a0<\/span>(to nije cijena za tre\u0107i bus iz Virovitice).<\/p>\n<p style=\"text-align: justify;\">Svi zaintersirani se mogu prijaviti u svojim dru\u0161tvima do popune mjesta u autobusima. Prijave su punova\u017ene tek po uplati cijene prijevoza. Za sve uplate izdaju se potvrde.<br \/>Za spavanje u \u010dvrstim objektima u So\u0161icama ne\u0107emo posredovati pa to svako dru\u0161tvo koje \u017eeli mora dogovoriti ranije sa organizatorima.<\/p>\n<p style=\"text-align: justify;\"><strong>Po\u017eurite, mogu\u0107nosti su ograni\u010dene!<\/strong><\/p>\n<p style=\"text-align: justify;\">Kontakti se mogu vidjeti na plakatu i pozivu kojega su dobila sva dru\u0161tva ili na web stranici HPS.<\/p>\n<p style=\"text-align: justify;\">Za kvalitetnu organizaciju cijelog puta vodit \u0107e brigu vodi\u010di Stanice planinarskih vodi\u010da Slavonije.<\/p>\n<\/div>\n<p>[\/et_pb_text][\/et_pb_column][\/et_pb_row][\/et_pb_section]<\/p>\n","protected":false},"excerpt":{"rendered":"<p>Slavonski planinarski savez i Stanica planinarskih vodi\u010da Slavonije 25. &#8211; 26. svibnja organiziraju prijevoz autobusima na Dane hrvatskih planinara u So\u0161icama i logisti\u010dku podr\u0161ku. Dva autobusa bi kretala iz Osijeka s tim \u0161to bi jedan bus\u00a0 i\u0161ao preko \u0110akova, Vinkovaca, \u017dupanje, Slavonskog Broda i i\u0161ao bi ju\u017enom rutom, odnosno autocestom i skupljao bi planinare iz [&hellip;]<\/p>\n","protected":false},"author":1,"featured_media":0,"comment_status":"closed","ping_status":"open","sticky":false,"template":"","format":"standard","meta":{"_et_pb_use_builder":"on","_et_pb_old_content":"","_et_gb_content_width":"1080","footnotes":""},"categories":[27],"tags":[],"class_list":["post-1666","post","type-post","status-publish","format-standard","hentry","category-27"],"_links":{"self":[{"href":"https:\/\/www.slavonski-planinari.hr\/arhiva\/wp-json\/wp\/v2\/posts\/1666","targetHints":{"allow":["GET"]}}],"collection":[{"href":"https:\/\/www.slavonski-planinari.hr\/arhiva\/wp-json\/wp\/v2\/posts"}],"about":[{"href":"https:\/\/www.slavonski-planinari.hr\/arhiva\/wp-json\/wp\/v2\/types\/post"}],"author":[{"embeddable":true,"href":"https:\/\/www.slavonski-planinari.hr\/arhiva\/wp-json\/wp\/v2\/users\/1"}],"replies":[{"embeddable":true,"href":"https:\/\/www.slavonski-planinari.hr\/arhiva\/wp-json\/wp\/v2\/comments?post=1666"}],"version-history":[{"count":0,"href":"https:\/\/www.slavonski-planinari.hr\/arhiva\/wp-json\/wp\/v2\/posts\/1666\/revisions"}],"wp:attachment":[{"href":"https:\/\/www.slavonski-planinari.hr\/arhiva\/wp-json\/wp\/v2\/media?parent=1666"}],"wp:term":[{"taxonomy":"category","embeddable":true,"href":"https:\/\/www.slavonski-planinari.hr\/arhiva\/wp-json\/wp\/v2\/categories?post=1666"},{"taxonomy":"post_tag","embeddable":true,"href":"https:\/\/www.slavonski-planinari.hr\/arhiva\/wp-json\/wp\/v2\/tags?post=1666"}],"curies":[{"name":"wp","href":"https:\/\/api.w.org\/{rel}","templated":true}]}}