{"id":1663,"date":"2013-04-04T10:06:00","date_gmt":"2013-04-04T09:06:00","guid":{"rendered":"https:\/\/www.slavonski-planinari.hr\/arhiva\/?p=1663"},"modified":"2023-01-03T10:08:18","modified_gmt":"2023-01-03T09:08:18","slug":"od-ivane-do-tadije-2","status":"publish","type":"post","link":"https:\/\/www.slavonski-planinari.hr\/arhiva\/od-ivane-do-tadije-2\/","title":{"rendered":"Od Ivane do Tadije"},"content":{"rendered":"<p>[et_pb_section fb_built=&#8221;1&#8243; theme_builder_area=&#8221;post_content&#8221; _builder_version=&#8221;4.19.4&#8243; _module_preset=&#8221;default&#8221;][et_pb_row _builder_version=&#8221;4.19.4&#8243; _module_preset=&#8221;default&#8221; theme_builder_area=&#8221;post_content&#8221;][et_pb_column _builder_version=&#8221;4.19.4&#8243; _module_preset=&#8221;default&#8221; type=&#8221;4_4&#8243; theme_builder_area=&#8221;post_content&#8221;][et_pb_text _builder_version=&#8221;4.19.4&#8243; _module_preset=&#8221;default&#8221; theme_builder_area=&#8221;post_content&#8221; hover_enabled=&#8221;0&#8243; sticky_enabled=&#8221;0&#8243;]<\/p>\n<div class=\"itemIntroText\">\n<p style=\"text-align: justify;\"><img loading=\"lazy\" decoding=\"async\" src=\"https:\/\/www.slavonski-planinari.hr\/arhiva\/wp-content\/uploads\/2023\/01\/tadija4.jpg\" width=\"130\" height=\"89\" alt=\"\" class=\"wp-image-1302 alignleft size-full\" srcset=\"https:\/\/www.slavonski-planinari.hr\/arhiva\/wp-content\/uploads\/2023\/01\/tadija4.jpg 469w, https:\/\/www.slavonski-planinari.hr\/arhiva\/wp-content\/uploads\/2023\/01\/tadija4-300x205.jpg 300w\" sizes=\"(max-width: 130px) 100vw, 130px\" \/>Pozivamo vas da nam se pridru\u017eite 14.4.2013. na tre\u0107am pohodu planinarske staze &#8220;Od Ivane do Tadije&#8221;. kru\u017ena staza je osmi\u0161ljena tako da pove\u017ee dva velikan na\u0161e knji\u017eevnosti a usko je povezana uz manifestaciju koju organizra grad Slavonski Brod pod nazivom &#8220;Svijet bajki Ivane Brli\u0107 Ma\u017eurani\u0107&#8221;.<\/p>\n<\/div>\n<div class=\"itemFullText\">\n<p style=\"text-align: justify;\">\n<p style=\"text-align: justify;\"><span>Okupljanje je ispred planinarskog doma &#8220;\u0110uro Pilar u 9,00 sati.<\/span><\/p>\n<p style=\"text-align: justify;\"><span>Po povratku s hodanja nudimo planinarski grah \u00a0po popularnoj cijeni. Tko ima ne\u0161to za ro\u0161tiljati mo\u017ee se poslu\u017eiti \u00a0pe\u010denjarnicom ispred doma.<\/span><\/p>\n<p style=\"text-align: right;\"><span>PD &#8220;Dilj gora&#8221;, Sl. Brod<br \/><\/span><span>Marica Petri\u010devi\u0107, predsjednica<br \/><\/span><span>0915432089<\/span><\/p>\n<\/div>\n<p>[\/et_pb_text][\/et_pb_column][\/et_pb_row][\/et_pb_section]<\/p>\n","protected":false},"excerpt":{"rendered":"<p>Pozivamo vas da nam se pridru\u017eite 14.4.2013. na tre\u0107am pohodu planinarske staze &#8220;Od Ivane do Tadije&#8221;. kru\u017ena staza je osmi\u0161ljena tako da pove\u017ee dva velikan na\u0161e knji\u017eevnosti a usko je povezana uz manifestaciju koju organizra grad Slavonski Brod pod nazivom &#8220;Svijet bajki Ivane Brli\u0107 Ma\u017eurani\u0107&#8221;. Okupljanje je ispred planinarskog doma &#8220;\u0110uro Pilar u 9,00 sati. [&hellip;]<\/p>\n","protected":false},"author":1,"featured_media":0,"comment_status":"closed","ping_status":"open","sticky":false,"template":"","format":"standard","meta":{"_et_pb_use_builder":"on","_et_pb_old_content":"","_et_gb_content_width":"1080","footnotes":""},"categories":[27],"tags":[],"class_list":["post-1663","post","type-post","status-publish","format-standard","hentry","category-27"],"_links":{"self":[{"href":"https:\/\/www.slavonski-planinari.hr\/arhiva\/wp-json\/wp\/v2\/posts\/1663","targetHints":{"allow":["GET"]}}],"collection":[{"href":"https:\/\/www.slavonski-planinari.hr\/arhiva\/wp-json\/wp\/v2\/posts"}],"about":[{"href":"https:\/\/www.slavonski-planinari.hr\/arhiva\/wp-json\/wp\/v2\/types\/post"}],"author":[{"embeddable":true,"href":"https:\/\/www.slavonski-planinari.hr\/arhiva\/wp-json\/wp\/v2\/users\/1"}],"replies":[{"embeddable":true,"href":"https:\/\/www.slavonski-planinari.hr\/arhiva\/wp-json\/wp\/v2\/comments?post=1663"}],"version-history":[{"count":0,"href":"https:\/\/www.slavonski-planinari.hr\/arhiva\/wp-json\/wp\/v2\/posts\/1663\/revisions"}],"wp:attachment":[{"href":"https:\/\/www.slavonski-planinari.hr\/arhiva\/wp-json\/wp\/v2\/media?parent=1663"}],"wp:term":[{"taxonomy":"category","embeddable":true,"href":"https:\/\/www.slavonski-planinari.hr\/arhiva\/wp-json\/wp\/v2\/categories?post=1663"},{"taxonomy":"post_tag","embeddable":true,"href":"https:\/\/www.slavonski-planinari.hr\/arhiva\/wp-json\/wp\/v2\/tags?post=1663"}],"curies":[{"name":"wp","href":"https:\/\/api.w.org\/{rel}","templated":true}]}}